{"id":898,"date":"2021-05-12T10:58:17","date_gmt":"2021-05-12T10:58:17","guid":{"rendered":"https:\/\/www.danubiobebe.com\/blog\/?p=898"},"modified":"2021-05-13T08:53:01","modified_gmt":"2021-05-13T08:53:01","slug":"nos-importa-descanso-bebe","status":"publish","type":"post","link":"https:\/\/www.danubiobebe.com\/blog\/nos-importa-descanso-bebe\/","title":{"rendered":"Nos importa el descanso de tu beb\u00e9"},"content":{"rendered":"<p>Mantener un buen descanso es una necesidad b\u00e1sica del organismo a cualquier edad.\u00a0 Sobretodo para los beb\u00e9s, ya que, entre otras cosas, es el momento en el que m\u00e1s se desarrollan tanto f\u00edsica como mentalmente.<\/p>\n<p>Desde <a href=\"https:\/\/www.danubiobebe.com\/es\/\"><strong>Danubio Beb\u00e9<\/strong><\/a> somos conscientes de la importancia de este momento tanto para el descanso de los m\u00e1s peque\u00f1os, como para el descanso de los pap\u00e1s, por eso os traemos una serie de <strong>consejos<\/strong> y <strong>productos<\/strong> que ayudar\u00e1n a tu beb\u00e9 a dormir pl\u00e1cidamente.<\/p>\n<p>&nbsp;<\/p>\n<ol>\n<li>El momento m\u00e1s indicado para que duerma es <strong>cuando no est\u00e9 cansado en exceso<\/strong>. Al contrario de lo que muchos pensamos, mantener al beb\u00e9 despierto para cansarlo y que duerma m\u00e1s es un error.<\/li>\n<\/ol>\n<p>&nbsp;<\/p>\n<ol start=\"2\">\n<li>La temperatura ideal de la habitaci\u00f3n debe estar <strong>entre los 18\u00ba y los 20\u00ba<\/strong>.<\/li>\n<\/ol>\n<p>&nbsp;<\/p>\n<ol start=\"3\">\n<li>Si el beb\u00e9 se despierta durante la noche, es importante mantener un <strong>ambiente tranquilo y sosegado<\/strong>, encendiendo solo las luces que sean necesarias y limitar el contacto a alimentarle.<\/li>\n<\/ol>\n<p>&nbsp;<\/p>\n<ol start=\"4\">\n<li>La mejor postura en la que colocar a tu beb\u00e9 es <strong>boca arriba<\/strong>, ya que ponerlo boca abajo puede fomentar el riesgo de que el beb\u00e9 se atragante y es una postura en la que la supervisi\u00f3n es pr\u00e1cticamente obligatoria.<\/li>\n<\/ol>\n<p>&nbsp;<\/p>\n<ol start=\"5\">\n<li>Por \u00faltimo, cabe destacar la importancia <strong>de mantener una rutina<\/strong>. A partir de los 6 meses los h\u00e1bitos de sue\u00f1o de tu peque\u00f1o son los que desarrollar\u00e1 el resto de su vida, por lo que es importante que a partir de esa edad tenga buenas costumbres relacionadas con el sue\u00f1o.<\/li>\n<\/ol>\n<p>&nbsp;<\/p>\n<p>Por \u00faltimo, nos gustar\u00eda dejaros algunas opciones de <strong>cunas<\/strong>, <strong>minicunas<\/strong> y <strong>complementos<\/strong> ideales para que el momento de dormir de vuestro peque sea lo m\u00e1s c\u00f3modo y pl\u00e1cido posible.<\/p>\n<p>&nbsp;<\/p>\n<ul>\n<li><strong>Cuna Pompas de Trama: <\/strong>dise\u00f1ada en color blanco y color madera, cuenta con un simp\u00e1tico conejo jugando con su pompero que le da un toque dulce y llena la habitaci\u00f3n del beb\u00e9 de alegr\u00eda. Incluye colecho.<\/li>\n<\/ul>\n<p><strong>\u00a0<img loading=\"lazy\" decoding=\"async\" class=\"alignnone wp-image-899\" src=\"https:\/\/www.danubiobebe.com\/blog\/wp-content\/uploads\/2021\/05\/cuna-pompas-518-de-trama.jpg\" alt=\"Nos importa el descanso de tu beb\u00e9\" width=\"433\" height=\"541\" srcset=\"https:\/\/www.danubiobebe.com\/blog\/wp-content\/uploads\/2021\/05\/cuna-pompas-518-de-trama.jpg 800w, https:\/\/www.danubiobebe.com\/blog\/wp-content\/uploads\/2021\/05\/cuna-pompas-518-de-trama-240x300.jpg 240w, https:\/\/www.danubiobebe.com\/blog\/wp-content\/uploads\/2021\/05\/cuna-pompas-518-de-trama-768x960.jpg 768w\" sizes=\"auto, (max-width: 433px) 100vw, 433px\" \/><\/strong><\/p>\n<ul>\n<li><a href=\"https:\/\/www.danubiobebe.com\/es\/minicunas\/1550-capazo-cap-patas-madera-cambrass.html?search_query=patas+madera&amp;results=37\"><strong>Capazo Cap+ patas de madera Cambrass: <\/strong><\/a>capazo con base de mimbre y patas de madera con un dise\u00f1o que te enamorar\u00e1. Incluye: capazo de mimbre, somier de madera de 5mm, colch\u00f3n a medida, vestidura del capazo, colcha y coj\u00edn decorativo.<\/li>\n<\/ul>\n<p><strong>\u00a0<a href=\"https:\/\/www.danubiobebe.com\/es\/minicunas\/1550-capazo-cap-patas-madera-cambrass.html?search_query=patas+madera&amp;results=37\"><img loading=\"lazy\" decoding=\"async\" class=\"alignnone wp-image-900\" src=\"https:\/\/www.danubiobebe.com\/blog\/wp-content\/uploads\/2021\/05\/capazo-cap-patas-madera-cambrass.jpg\" alt=\"Nos importa el descanso de tu beb\" width=\"498\" height=\"498\" srcset=\"https:\/\/www.danubiobebe.com\/blog\/wp-content\/uploads\/2021\/05\/capazo-cap-patas-madera-cambrass.jpg 800w, https:\/\/www.danubiobebe.com\/blog\/wp-content\/uploads\/2021\/05\/capazo-cap-patas-madera-cambrass-150x150.jpg 150w, https:\/\/www.danubiobebe.com\/blog\/wp-content\/uploads\/2021\/05\/capazo-cap-patas-madera-cambrass-300x300.jpg 300w, https:\/\/www.danubiobebe.com\/blog\/wp-content\/uploads\/2021\/05\/capazo-cap-patas-madera-cambrass-768x768.jpg 768w\" sizes=\"auto, (max-width: 498px) 100vw, 498px\" \/><\/a><\/strong><strong>\u00a0<\/strong><\/p>\n<ul>\n<li><a href=\"https:\/\/www.danubiobebe.com\/es\/cunas-de-viaje\/489-cuna-de-viaje-mix-plus-asalvo.html?search_query=cuna+de+viaje+mix&amp;results=204#\/379-color-molinillo\"><strong>Cuna de viaje Mix Plus Asalvo: <\/strong><\/a>la cuna perfecta para llevarla de viaje con tu peque ahora que llega el buen tiempo. Ligera, f\u00e1cil de transportar y muy pr\u00e1ctica. Ofrece seguridad en todo momento gracias a su estructura, que evita balanceos inesperados o movimientos peligrosos.<\/li>\n<\/ul>\n<p><strong>\u00a0<a href=\"https:\/\/www.danubiobebe.com\/es\/cunas-de-viaje\/489-cuna-de-viaje-mix-plus-asalvo.html?search_query=cuna+de+viaje+mix&amp;results=204#\/379-color-molinillo\"><img loading=\"lazy\" decoding=\"async\" class=\"alignnone wp-image-901\" src=\"https:\/\/www.danubiobebe.com\/blog\/wp-content\/uploads\/2021\/05\/cuna-de-viaje-mix-plus-asalvo.jpg\" alt=\"Nos importa el descanso de tu beb\u00e9\" width=\"474\" height=\"474\" srcset=\"https:\/\/www.danubiobebe.com\/blog\/wp-content\/uploads\/2021\/05\/cuna-de-viaje-mix-plus-asalvo.jpg 800w, https:\/\/www.danubiobebe.com\/blog\/wp-content\/uploads\/2021\/05\/cuna-de-viaje-mix-plus-asalvo-150x150.jpg 150w, https:\/\/www.danubiobebe.com\/blog\/wp-content\/uploads\/2021\/05\/cuna-de-viaje-mix-plus-asalvo-300x300.jpg 300w, https:\/\/www.danubiobebe.com\/blog\/wp-content\/uploads\/2021\/05\/cuna-de-viaje-mix-plus-asalvo-768x768.jpg 768w\" sizes=\"auto, (max-width: 474px) 100vw, 474px\" \/><\/a><\/strong><\/p>\n<p><strong>\u00a0<\/strong><\/p>\n<ul>\n<li><strong><a href=\"https:\/\/www.danubiobebe.com\/es\/minicunas\/1423-moises-colecho-teeny-ms.html?search_query=teeny&amp;results=2\">Moises colecho Teeny MS<\/a>: <\/strong>con altura regulable en 6 posiciones para adaptarse a cualquier tipo de cama. Incluye sistema de anclaje sencillo y seguro y ruedas peque\u00f1as retr\u00e1ctiles para regular la distancia de la minicuna a la cama.<\/li>\n<\/ul>\n<p><a href=\"https:\/\/www.danubiobebe.com\/es\/minicunas\/1423-moises-colecho-teeny-ms.html?search_query=teeny&amp;results=2\"><img loading=\"lazy\" decoding=\"async\" class=\"alignnone wp-image-902 \" src=\"https:\/\/www.danubiobebe.com\/blog\/wp-content\/uploads\/2021\/05\/moises-colecho-teeny-ms.jpg\" alt=\"Nos importa el descanso de tu beb\u00e9\" width=\"534\" height=\"534\" srcset=\"https:\/\/www.danubiobebe.com\/blog\/wp-content\/uploads\/2021\/05\/moises-colecho-teeny-ms.jpg 800w, https:\/\/www.danubiobebe.com\/blog\/wp-content\/uploads\/2021\/05\/moises-colecho-teeny-ms-150x150.jpg 150w, https:\/\/www.danubiobebe.com\/blog\/wp-content\/uploads\/2021\/05\/moises-colecho-teeny-ms-300x300.jpg 300w, https:\/\/www.danubiobebe.com\/blog\/wp-content\/uploads\/2021\/05\/moises-colecho-teeny-ms-768x768.jpg 768w\" sizes=\"auto, (max-width: 534px) 100vw, 534px\" \/><\/a><\/p>\n<ul>\n<li><a href=\"https:\/\/www.danubiobebe.com\/es\/minicunas\/1918-nido-cuna-bebe-villa-verde-cambrass.html?search_query=nido+cuna+cambrass&amp;results=171\"><strong>Nido cuna bebe Villa (verde) Cambrass: <\/strong><\/a>coj\u00edn multiuso. Su funci\u00f3n principal es proteger al beb\u00e9 y mantenerlo seguro. Se puede utilizar en la cama de los pap\u00e1s, en la cuna o en la mini cuna y su coj\u00edn exterior se puede utilizar como coj\u00edn de lactancia.<\/li>\n<\/ul>\n<p><a href=\"https:\/\/www.danubiobebe.com\/es\/minicunas\/1918-nido-cuna-bebe-villa-verde-cambrass.html?search_query=nido+cuna+cambrass&amp;results=171\"><img loading=\"lazy\" decoding=\"async\" class=\"alignnone wp-image-903\" src=\"https:\/\/www.danubiobebe.com\/blog\/wp-content\/uploads\/2021\/05\/nido-cuna-bebe-villa-verde-cambrass.jpg\" alt=\"Nos importa el descanso de tu beb\u00e9\" width=\"458\" height=\"458\" srcset=\"https:\/\/www.danubiobebe.com\/blog\/wp-content\/uploads\/2021\/05\/nido-cuna-bebe-villa-verde-cambrass.jpg 800w, https:\/\/www.danubiobebe.com\/blog\/wp-content\/uploads\/2021\/05\/nido-cuna-bebe-villa-verde-cambrass-150x150.jpg 150w, https:\/\/www.danubiobebe.com\/blog\/wp-content\/uploads\/2021\/05\/nido-cuna-bebe-villa-verde-cambrass-300x300.jpg 300w, https:\/\/www.danubiobebe.com\/blog\/wp-content\/uploads\/2021\/05\/nido-cuna-bebe-villa-verde-cambrass-768x768.jpg 768w\" sizes=\"auto, (max-width: 458px) 100vw, 458px\" \/><\/a><\/p>\n<ul>\n<li><a href=\"https:\/\/www.danubiobebe.com\/es\/cunas\/65-colchon-de-cuna-115x55-muelles-borrego-con-fibra-de-coco-8436536560640.html?search_query=colchon+coco&amp;results=161\"><strong>Colch\u00f3n de cuna 115&#215;55 muelles borrego con fibra de coco: <\/strong><\/a>la propia naturaleza de la fibra de este colch\u00f3n impide la acumulaci\u00f3n de calor y bacterias, consiguiendo una buena transpiraci\u00f3n. Con una cara para verano y otra para invierno, tu beb\u00e9 descansar\u00e1 pl\u00e1cidamente en todas las \u00e9pocas del a\u00f1o.<\/li>\n<\/ul>\n<p><a href=\"https:\/\/www.danubiobebe.com\/es\/cunas\/65-colchon-de-cuna-115x55-muelles-borrego-con-fibra-de-coco-8436536560640.html?search_query=colchon+coco&amp;results=161\"><img loading=\"lazy\" decoding=\"async\" class=\"alignnone wp-image-904\" src=\"https:\/\/www.danubiobebe.com\/blog\/wp-content\/uploads\/2021\/05\/colchon-de-cuna-115x55-muelles-borrego-con-fibra-de-coco.jpg\" alt=\"Nos importa el descanso de tu beb\u00e9\" width=\"519\" height=\"519\" srcset=\"https:\/\/www.danubiobebe.com\/blog\/wp-content\/uploads\/2021\/05\/colchon-de-cuna-115x55-muelles-borrego-con-fibra-de-coco.jpg 800w, https:\/\/www.danubiobebe.com\/blog\/wp-content\/uploads\/2021\/05\/colchon-de-cuna-115x55-muelles-borrego-con-fibra-de-coco-150x150.jpg 150w, https:\/\/www.danubiobebe.com\/blog\/wp-content\/uploads\/2021\/05\/colchon-de-cuna-115x55-muelles-borrego-con-fibra-de-coco-300x300.jpg 300w, https:\/\/www.danubiobebe.com\/blog\/wp-content\/uploads\/2021\/05\/colchon-de-cuna-115x55-muelles-borrego-con-fibra-de-coco-768x768.jpg 768w\" sizes=\"auto, (max-width: 519px) 100vw, 519px\" \/><\/a><\/p>\n<p>Desde <a href=\"https:\/\/www.danubiobebe.com\/es\/\"><strong>Danubio Beb\u00e9<\/strong><\/a> esperamos que estos <strong>consejos y productos<\/strong> sirvan para que vuestros peques duerman mejor que nunca ??<\/p>\n<p>Si quieres conocer el resto de productos y complementos ideales para el descanso de tu beb\u00e9, entra en nuestra <a href=\"https:\/\/www.danubiobebe.com\/es\/\"><strong>web<\/strong><\/a>, ven a visitarnos a nuestras tiendas de <a href=\"https:\/\/www.google.com\/maps\/place\/Danubio+Bebe\/@36.433824,-6.14332,16z\/data=!4m5!3m4!1s0x0:0xa4c182b67fbd1d54!8m2!3d36.433824!4d-6.14332?hl=es-ES&amp;shorturl=1\"><strong>Chiclana<\/strong><\/a> y <a href=\"https:\/\/www.google.com\/maps\/place\/Calle+Bergant%C3%ADn,+2,+11379+Los+Barrios,+C%C3%A1diz,+Espa%C3%B1a\/@36.17915,-5.445,16z\/data=!4m5!3m4!1s0xd0ceb0640af2911:0x59dbd6b94fc542aa!8m2!3d36.17915!4d-5.445?ll=36.17915,-5.445&amp;z=16&amp;t=m&amp;hl=es-ES&amp;gl=ES&amp;mapclient=embed&amp;q=Calle+Bergant%C3%ADn,+2+11379+Los+Barrios+C%C3%A1diz&amp;shorturl=1\"><strong>Los Barrios <\/strong><\/a>o <a href=\"https:\/\/www.danubiobebe.com\/es\/contacto\"><strong>contacta<\/strong><\/a> con nosotros.<\/p>\n","protected":false},"excerpt":{"rendered":"<p>Sabemos la importancia del descanso de los m\u00e1s peque\u00f1os, por eso os traemos una serie de consejos y productos que ayudar\u00e1n a tu beb\u00e9 a dormir pl\u00e1cidamente.<\/p>\n","protected":false},"author":4,"featured_media":913,"comment_status":"open","ping_status":"open","sticky":false,"template":"","format":"standard","meta":{"footnotes":""},"categories":[3],"tags":[26,191,293],"class_list":["post-898","post","type-post","status-publish","format-standard","has-post-thumbnail","hentry","category-consejos","tag-bebe","tag-descanso","tag-dormir"],"yoast_head":"<!-- This site is optimized with the Yoast SEO plugin v26.6 - https:\/\/yoast.com\/wordpress\/plugins\/seo\/ -->\n<title>El descanso de tu beb\u00e9 | Consejo y prducto | Danubio Beb\u00e9<\/title>\n<meta name=\"robots\" content=\"index, follow, max-snippet:-1, max-image-preview:large, max-video-preview:-1\" \/>\n<link rel=\"canonical\" href=\"https:\/\/www.danubiobebe.com\/blog\/nos-importa-descanso-bebe\/\" \/>\n<meta property=\"og:locale\" content=\"es_ES\" \/>\n<meta property=\"og:type\" content=\"article\" \/>\n<meta property=\"og:title\" content=\"El descanso de tu beb\u00e9 | Consejo y prducto | Danubio Beb\u00e9\" \/>\n<meta property=\"og:description\" content=\"Sabemos la importancia del descanso de los m\u00e1s peque\u00f1os, por eso os traemos una serie de consejos y productos que ayudar\u00e1n a tu beb\u00e9 a dormir pl\u00e1cidamente.\" \/>\n<meta property=\"og:url\" content=\"https:\/\/www.danubiobebe.com\/blog\/nos-importa-descanso-bebe\/\" \/>\n<meta property=\"og:site_name\" content=\"Danubio blog\" \/>\n<meta property=\"article:publisher\" content=\"https:\/\/www.facebook.com\/danubio.bebe\/\" \/>\n<meta property=\"article:published_time\" content=\"2021-05-12T10:58:17+00:00\" \/>\n<meta property=\"article:modified_time\" content=\"2021-05-13T08:53:01+00:00\" \/>\n<meta property=\"og:image\" content=\"https:\/\/www.danubiobebe.com\/blog\/wp-content\/uploads\/2021\/05\/portada-2.png\" \/>\n\t<meta property=\"og:image:width\" content=\"800\" \/>\n\t<meta property=\"og:image:height\" content=\"534\" \/>\n\t<meta property=\"og:image:type\" content=\"image\/png\" \/>\n<meta name=\"author\" content=\"Danubio Beb\u00e9\" \/>\n<meta name=\"twitter:card\" content=\"summary_large_image\" \/>\n<meta name=\"twitter:creator\" content=\"@danubiobebe\" \/>\n<meta name=\"twitter:site\" content=\"@danubiobebe\" \/>\n<meta name=\"twitter:label1\" content=\"Escrito por\" \/>\n\t<meta name=\"twitter:data1\" content=\"Danubio Beb\u00e9\" \/>\n\t<meta name=\"twitter:label2\" content=\"Tiempo de lectura\" \/>\n\t<meta name=\"twitter:data2\" content=\"3 minutos\" \/>\n<script type=\"application\/ld+json\" class=\"yoast-schema-graph\">{\"@context\":\"https:\/\/schema.org\",\"@graph\":[{\"@type\":\"WebPage\",\"@id\":\"https:\/\/www.danubiobebe.com\/blog\/nos-importa-descanso-bebe\/\",\"url\":\"https:\/\/www.danubiobebe.com\/blog\/nos-importa-descanso-bebe\/\",\"name\":\"El descanso de tu beb\u00e9 | Consejo y prducto | Danubio Beb\u00e9\",\"isPartOf\":{\"@id\":\"https:\/\/www.danubiobebe.com\/blog\/#website\"},\"primaryImageOfPage\":{\"@id\":\"https:\/\/www.danubiobebe.com\/blog\/nos-importa-descanso-bebe\/#primaryimage\"},\"image\":{\"@id\":\"https:\/\/www.danubiobebe.com\/blog\/nos-importa-descanso-bebe\/#primaryimage\"},\"thumbnailUrl\":\"https:\/\/www.danubiobebe.com\/blog\/wp-content\/uploads\/2021\/05\/portada-2.png\",\"datePublished\":\"2021-05-12T10:58:17+00:00\",\"dateModified\":\"2021-05-13T08:53:01+00:00\",\"author\":{\"@id\":\"https:\/\/www.danubiobebe.com\/blog\/#\/schema\/person\/2783880c335e1e9639139bafa815ba50\"},\"breadcrumb\":{\"@id\":\"https:\/\/www.danubiobebe.com\/blog\/nos-importa-descanso-bebe\/#breadcrumb\"},\"inLanguage\":\"es\",\"potentialAction\":[{\"@type\":\"ReadAction\",\"target\":[\"https:\/\/www.danubiobebe.com\/blog\/nos-importa-descanso-bebe\/\"]}]},{\"@type\":\"ImageObject\",\"inLanguage\":\"es\",\"@id\":\"https:\/\/www.danubiobebe.com\/blog\/nos-importa-descanso-bebe\/#primaryimage\",\"url\":\"https:\/\/www.danubiobebe.com\/blog\/wp-content\/uploads\/2021\/05\/portada-2.png\",\"contentUrl\":\"https:\/\/www.danubiobebe.com\/blog\/wp-content\/uploads\/2021\/05\/portada-2.png\",\"width\":800,\"height\":534,\"caption\":\"Portada Blog. Nos importa el descanso de tu beb\u00e9\"},{\"@type\":\"BreadcrumbList\",\"@id\":\"https:\/\/www.danubiobebe.com\/blog\/nos-importa-descanso-bebe\/#breadcrumb\",\"itemListElement\":[{\"@type\":\"ListItem\",\"position\":1,\"name\":\"Portada\",\"item\":\"https:\/\/www.danubiobebe.com\/blog\/\"},{\"@type\":\"ListItem\",\"position\":2,\"name\":\"Nos importa el descanso de tu beb\u00e9\"}]},{\"@type\":\"WebSite\",\"@id\":\"https:\/\/www.danubiobebe.com\/blog\/#website\",\"url\":\"https:\/\/www.danubiobebe.com\/blog\/\",\"name\":\"Danubio blog\",\"description\":\"Toda la actualidad en el mundo del beb\u00e9\",\"potentialAction\":[{\"@type\":\"SearchAction\",\"target\":{\"@type\":\"EntryPoint\",\"urlTemplate\":\"https:\/\/www.danubiobebe.com\/blog\/?s={search_term_string}\"},\"query-input\":{\"@type\":\"PropertyValueSpecification\",\"valueRequired\":true,\"valueName\":\"search_term_string\"}}],\"inLanguage\":\"es\"},{\"@type\":\"Person\",\"@id\":\"https:\/\/www.danubiobebe.com\/blog\/#\/schema\/person\/2783880c335e1e9639139bafa815ba50\",\"name\":\"Danubio Beb\u00e9\",\"url\":\"https:\/\/www.danubiobebe.com\/blog\/author\/chari\/\"}]}<\/script>\n<!-- \/ Yoast SEO plugin. -->","yoast_head_json":{"title":"El descanso de tu beb\u00e9 | Consejo y prducto | Danubio Beb\u00e9","robots":{"index":"index","follow":"follow","max-snippet":"max-snippet:-1","max-image-preview":"max-image-preview:large","max-video-preview":"max-video-preview:-1"},"canonical":"https:\/\/www.danubiobebe.com\/blog\/nos-importa-descanso-bebe\/","og_locale":"es_ES","og_type":"article","og_title":"El descanso de tu beb\u00e9 | Consejo y prducto | Danubio Beb\u00e9","og_description":"Sabemos la importancia del descanso de los m\u00e1s peque\u00f1os, por eso os traemos una serie de consejos y productos que ayudar\u00e1n a tu beb\u00e9 a dormir pl\u00e1cidamente.","og_url":"https:\/\/www.danubiobebe.com\/blog\/nos-importa-descanso-bebe\/","og_site_name":"Danubio blog","article_publisher":"https:\/\/www.facebook.com\/danubio.bebe\/","article_published_time":"2021-05-12T10:58:17+00:00","article_modified_time":"2021-05-13T08:53:01+00:00","og_image":[{"width":800,"height":534,"url":"https:\/\/www.danubiobebe.com\/blog\/wp-content\/uploads\/2021\/05\/portada-2.png","type":"image\/png"}],"author":"Danubio Beb\u00e9","twitter_card":"summary_large_image","twitter_creator":"@danubiobebe","twitter_site":"@danubiobebe","twitter_misc":{"Escrito por":"Danubio Beb\u00e9","Tiempo de lectura":"3 minutos"},"schema":{"@context":"https:\/\/schema.org","@graph":[{"@type":"WebPage","@id":"https:\/\/www.danubiobebe.com\/blog\/nos-importa-descanso-bebe\/","url":"https:\/\/www.danubiobebe.com\/blog\/nos-importa-descanso-bebe\/","name":"El descanso de tu beb\u00e9 | Consejo y prducto | Danubio Beb\u00e9","isPartOf":{"@id":"https:\/\/www.danubiobebe.com\/blog\/#website"},"primaryImageOfPage":{"@id":"https:\/\/www.danubiobebe.com\/blog\/nos-importa-descanso-bebe\/#primaryimage"},"image":{"@id":"https:\/\/www.danubiobebe.com\/blog\/nos-importa-descanso-bebe\/#primaryimage"},"thumbnailUrl":"https:\/\/www.danubiobebe.com\/blog\/wp-content\/uploads\/2021\/05\/portada-2.png","datePublished":"2021-05-12T10:58:17+00:00","dateModified":"2021-05-13T08:53:01+00:00","author":{"@id":"https:\/\/www.danubiobebe.com\/blog\/#\/schema\/person\/2783880c335e1e9639139bafa815ba50"},"breadcrumb":{"@id":"https:\/\/www.danubiobebe.com\/blog\/nos-importa-descanso-bebe\/#breadcrumb"},"inLanguage":"es","potentialAction":[{"@type":"ReadAction","target":["https:\/\/www.danubiobebe.com\/blog\/nos-importa-descanso-bebe\/"]}]},{"@type":"ImageObject","inLanguage":"es","@id":"https:\/\/www.danubiobebe.com\/blog\/nos-importa-descanso-bebe\/#primaryimage","url":"https:\/\/www.danubiobebe.com\/blog\/wp-content\/uploads\/2021\/05\/portada-2.png","contentUrl":"https:\/\/www.danubiobebe.com\/blog\/wp-content\/uploads\/2021\/05\/portada-2.png","width":800,"height":534,"caption":"Portada Blog. Nos importa el descanso de tu beb\u00e9"},{"@type":"BreadcrumbList","@id":"https:\/\/www.danubiobebe.com\/blog\/nos-importa-descanso-bebe\/#breadcrumb","itemListElement":[{"@type":"ListItem","position":1,"name":"Portada","item":"https:\/\/www.danubiobebe.com\/blog\/"},{"@type":"ListItem","position":2,"name":"Nos importa el descanso de tu beb\u00e9"}]},{"@type":"WebSite","@id":"https:\/\/www.danubiobebe.com\/blog\/#website","url":"https:\/\/www.danubiobebe.com\/blog\/","name":"Danubio blog","description":"Toda la actualidad en el mundo del beb\u00e9","potentialAction":[{"@type":"SearchAction","target":{"@type":"EntryPoint","urlTemplate":"https:\/\/www.danubiobebe.com\/blog\/?s={search_term_string}"},"query-input":{"@type":"PropertyValueSpecification","valueRequired":true,"valueName":"search_term_string"}}],"inLanguage":"es"},{"@type":"Person","@id":"https:\/\/www.danubiobebe.com\/blog\/#\/schema\/person\/2783880c335e1e9639139bafa815ba50","name":"Danubio Beb\u00e9","url":"https:\/\/www.danubiobebe.com\/blog\/author\/chari\/"}]}},"_links":{"self":[{"href":"https:\/\/www.danubiobebe.com\/blog\/wp-json\/wp\/v2\/posts\/898","targetHints":{"allow":["GET"]}}],"collection":[{"href":"https:\/\/www.danubiobebe.com\/blog\/wp-json\/wp\/v2\/posts"}],"about":[{"href":"https:\/\/www.danubiobebe.com\/blog\/wp-json\/wp\/v2\/types\/post"}],"author":[{"embeddable":true,"href":"https:\/\/www.danubiobebe.com\/blog\/wp-json\/wp\/v2\/users\/4"}],"replies":[{"embeddable":true,"href":"https:\/\/www.danubiobebe.com\/blog\/wp-json\/wp\/v2\/comments?post=898"}],"version-history":[{"count":3,"href":"https:\/\/www.danubiobebe.com\/blog\/wp-json\/wp\/v2\/posts\/898\/revisions"}],"predecessor-version":[{"id":908,"href":"https:\/\/www.danubiobebe.com\/blog\/wp-json\/wp\/v2\/posts\/898\/revisions\/908"}],"wp:featuredmedia":[{"embeddable":true,"href":"https:\/\/www.danubiobebe.com\/blog\/wp-json\/wp\/v2\/media\/913"}],"wp:attachment":[{"href":"https:\/\/www.danubiobebe.com\/blog\/wp-json\/wp\/v2\/media?parent=898"}],"wp:term":[{"taxonomy":"category","embeddable":true,"href":"https:\/\/www.danubiobebe.com\/blog\/wp-json\/wp\/v2\/categories?post=898"},{"taxonomy":"post_tag","embeddable":true,"href":"https:\/\/www.danubiobebe.com\/blog\/wp-json\/wp\/v2\/tags?post=898"}],"curies":[{"name":"wp","href":"https:\/\/api.w.org\/{rel}","templated":true}]}}