{"id":878,"date":"2025-03-17T09:56:00","date_gmt":"2025-03-17T09:56:00","guid":{"rendered":"https:\/\/www.danubiobebe.com\/blog\/?p=878"},"modified":"2025-07-24T08:24:03","modified_gmt":"2025-07-24T08:24:03","slug":"disfruta-la-primavera-danubio-bebe","status":"publish","type":"post","link":"https:\/\/www.danubiobebe.com\/blog\/disfruta-la-primavera-danubio-bebe\/","title":{"rendered":"Disfruta de la primavera con Danubio Beb\u00e9"},"content":{"rendered":"\n<p><b>Con la llegada de la primavera,<\/b><span style=\"font-weight: 400;\"> los d\u00edas se alargan y el buen tiempo invita a salir y disfrutar al aire libre.&nbsp;<\/span><\/p>\n\n\n\n<p><span style=\"font-weight: 400;\">En<\/span><b> Danubio Beb\u00e9<\/b><span style=\"font-weight: 400;\"> hemos preparado una selecci\u00f3n ideal para que t\u00fa y tu beb\u00e9 aprovech\u00e9is cada rayo de sol con comodidad y estilo:<\/span><\/p>\n\n\n\n<div class=\"wp-block-columns is-layout-flex wp-container-core-columns-is-layout-9d6595d7 wp-block-columns-is-layout-flex\">\n<div class=\"wp-block-column is-layout-flow wp-block-column-is-layout-flow\">\n<div class=\"wp-block-image\"><figure class=\"aligncenter\"><a href=\"https:\/\/www.danubiobebe.com\/es\/sillas\/28565-11075-silla-de-paseo-ms-iwalk.html#\/4011-color-21520_gris_negro\"><img decoding=\"async\" src=\"https:\/\/www.danubiobebe.com\/22629-large_default\/silla-de-paseo-ms-iwalk.jpg\" alt=\"Primavera Beb\u00e9\" width=\"NaN\" height=\"NaN\"\/><\/a><\/figure><\/div>\n\n\n\n<h2 class=\"wp-block-heading\"><a href=\"https:\/\/www.danubiobebe.com\/es\/sillas\/28565-11075-silla-de-paseo-ms-iwalk.html#\/4011-color-21520_gris_negro\"><span style=\"font-weight: 400;\">Silla de paseo MS iWalk<\/span><\/a><\/h2>\n\n\n\n<p><span style=\"font-weight: 400;\">La <\/span><b>Silla de paseo MS iWalk <\/b><span style=\"font-weight: 400;\">es una opci\u00f3n ideal para padres que buscan ligereza, funcionalidad y estilo. Con solo pulsar un bot\u00f3n, esta silla se <strong>pliega autom\u00e1ticamente<\/strong>, facilitando su almacenamiento, lo que la hace ideal para espacios reducidos o para llevarla de viaje. <\/span><\/p>\n\n\n\n<div class=\"wp-block-buttons is-content-justification-center is-layout-flex wp-block-buttons-is-layout-flex\">\n<div class=\"wp-block-button\"><a class=\"wp-block-button__link has-black-color has-pale-cyan-blue-background-color has-text-color has-background\" href=\"https:\/\/www.danubiobebe.com\/es\/sillas\/28565-11075-silla-de-paseo-ms-iwalk.html#\/4011-color-21520_gris_negro\" rel=\"https:\/\/www.danubiobebe.com\/es\/cunas-de-viaje\/7895-10030-cuna-de-viaje-jane-duo-level-toys-6838.html#\/278-color-t82_cosmos\">A\u00f1adir al carrito <\/a><\/div>\n<\/div>\n<\/div>\n\n\n\n<div class=\"wp-block-column is-layout-flow wp-block-column-is-layout-flow\">\n<figure class=\"wp-block-image\"><a href=\"https:\/\/www.danubiobebe.com\/es\/cunas-de-viaje\/7895-10030-cuna-de-viaje-jane-duo-level-toys-6838.html#\/278-color-t82_cosmos\"><img decoding=\"async\" src=\"https:\/\/www.danubiobebe.com\/7490-large_default\/cuna-de-viaje-jane-duo-level-toys-6838.jpg\" alt=\"Primavera Beb\u00e9\" width=\"NaN\" height=\"NaN\"\/><\/a><\/figure>\n\n\n\n<h2 class=\"wp-block-heading\"><a href=\"https:\/\/www.danubiobebe.com\/es\/cunas-de-viaje\/7895-10030-cuna-de-viaje-jane-duo-level-toys-6838.html#\/278-color-t82_cosmos\"><span style=\"font-weight: 400;\">Cuna de viaje Jan\u00e9 Duo Level<\/span><\/a><\/h2>\n\n\n\n<p><span style=\"font-weight: 400;\">La <\/span><b>Cuna de viaje Jan\u00e9 Duo Level<\/b><span style=\"font-weight: 400;\"> es ideal para acompa\u00f1ar a tu beb\u00e9 desde su nacimiento hasta los 3 a\u00f1os.&nbsp;<\/span><span style=\"font-weight: 400;\">Con dos dise\u00f1os ajustables, arco de juegos incluido, su dise\u00f1o port\u00e1til y su comodidad hacen de esta cuna un lugar para que tu peque\u00f1o se sienta agusto y feliz.<\/span><\/p>\n\n\n\n<div class=\"wp-block-buttons is-content-justification-center is-layout-flex wp-block-buttons-is-layout-flex\">\n<div class=\"wp-block-button\"><a class=\"wp-block-button__link has-black-color has-pale-cyan-blue-background-color has-text-color has-background\" href=\"https:\/\/www.danubiobebe.com\/es\/cunas-de-viaje\/7895-10030-cuna-de-viaje-jane-duo-level-toys-6838.html#\/278-color-t82_cosmos\" rel=\"https:\/\/www.danubiobebe.com\/es\/cunas-de-viaje\/7895-10030-cuna-de-viaje-jane-duo-level-toys-6838.html#\/278-color-t82_cosmos\">A\u00f1adir al carrito <\/a><\/div>\n<\/div>\n<\/div>\n<\/div>\n\n\n\n<div class=\"wp-block-columns is-layout-flex wp-container-core-columns-is-layout-9d6595d7 wp-block-columns-is-layout-flex\">\n<div class=\"wp-block-column is-layout-flow wp-block-column-is-layout-flow\">\n<figure class=\"wp-block-image\"><a href=\"https:\/\/www.danubiobebe.com\/es\/a-jugar\/27166-8961-gandulita-jane-fold-2.html#\/1765-color-u78_botanic\"><img decoding=\"async\" src=\"https:\/\/www.danubiobebe.com\/16873-large_default\/gandulita-jane-fold-2.jpg\" alt=\"Gandulita Jan\u00e9 Fold\" width=\"NaN\" height=\"NaN\"\/><\/a><\/figure>\n\n\n\n<h2 class=\"wp-block-heading\"><a href=\"https:\/\/www.danubiobebe.com\/es\/a-jugar\/27166-8961-gandulita-jane-fold-2.html#\/1765-color-u78_botanic\"><span style=\"font-weight: 400;\">Gandulita Jan\u00e9 Fold<\/span><\/a><\/h2>\n\n\n\n<p><span style=\"font-weight: 400;\">Esta gandulita es la opci\u00f3n ideal para padres que buscan algo <strong>ligero, funcional y c\u00f3modo<\/strong> para su beb\u00e9 desde el nacimiento hasta los 9kg. Su dise\u00f1o ergon\u00f3mico y compacto facilita su uso. <\/span><span style=\"font-weight: 400;\">Tiene un respaldo ajustable con dos posiciones, un sistema de plegado compacto y una barra con peluches para que tu beb\u00e9 se divierta estando <\/span><span style=\"font-weight: 400;\">c\u00f3modo y tranquilo.<\/span><\/p>\n\n\n\n<div class=\"wp-block-buttons is-content-justification-center is-layout-flex wp-block-buttons-is-layout-flex\">\n<div class=\"wp-block-button\"><a class=\"wp-block-button__link has-black-color has-pale-cyan-blue-background-color has-text-color has-background\" href=\"https:\/\/www.danubiobebe.com\/es\/a-jugar\/27166-8961-gandulita-jane-fold-2.html#\/1765-color-u78_botanic\" rel=\"https:\/\/www.danubiobebe.com\/es\/cunas-de-viaje\/7895-10030-cuna-de-viaje-jane-duo-level-toys-6838.html#\/278-color-t82_cosmos\">A\u00f1adir al carrito <\/a><\/div>\n<\/div>\n\n\n\n<p><\/p>\n<\/div>\n\n\n\n<div class=\"wp-block-column is-layout-flow wp-block-column-is-layout-flow\">\n<div class=\"wp-block-image\"><figure class=\"aligncenter\"><a href=\"https:\/\/www.danubiobebe.com\/es\/a-viajar\/4752-6967-mochila-portabebe-babybjorn-move-mesh.html#\/1130-color-verde_salvia\"><img decoding=\"async\" src=\"https:\/\/www.danubiobebe.com\/7486-large_default\/mochila-portabebe-babybjorn-move-mesh.jpg\" alt=\"Mochila porta beb\u00e9 Babybjorn Move Mesh\" width=\"NaN\" height=\"NaN\"\/><\/a><\/figure><\/div>\n\n\n\n<h2 class=\"wp-block-heading\"><a href=\"https:\/\/www.danubiobebe.com\/es\/a-viajar\/4752-6967-mochila-portabebe-babybjorn-move-mesh.html#\/1130-color-verde_salvia\"><span style=\"font-weight: 400;\">Mochila porta beb\u00e9 Babybjorn Move Mesh<\/span><\/a><\/h2>\n\n\n\n<p><span style=\"font-weight: 400;\">La <\/span><b>Mochila Porta Beb\u00e9 Move<\/b><span style=\"font-weight: 400;\"> es <\/span><b>c\u00f3moda<\/b><span style=\"font-weight: 400;\"> para el beb\u00e9 y para padres. Es ideal para familias que desean salir y llevar al beb\u00e9 consigo siempre a todos lados. Cuenta con apoyo para la espalda, cintur\u00f3n abdominal y tirantes acolchados que descargan el peso. Es muy <b>f\u00e1cil de poner y quitar.<\/b> La mochila se <b>adapta al crecimiento<\/b> del beb\u00e9.<\/span><\/p>\n\n\n\n<div class=\"wp-block-buttons is-content-justification-center is-layout-flex wp-block-buttons-is-layout-flex\">\n<div class=\"wp-block-button\"><a class=\"wp-block-button__link has-black-color has-pale-cyan-blue-background-color has-text-color has-background\" href=\"https:\/\/www.danubiobebe.com\/es\/a-jugar\/27166-8961-gandulita-jane-fold-2.html#\/1765-color-u78_botanic\" rel=\"https:\/\/www.danubiobebe.com\/es\/cunas-de-viaje\/7895-10030-cuna-de-viaje-jane-duo-level-toys-6838.html#\/278-color-t82_cosmos\">A\u00f1adir al carrito <\/a><\/div>\n<\/div>\n\n\n\n<p><\/p>\n<\/div>\n<\/div>\n\n\n\n<p><span style=\"font-weight: 400;\"><\/span><\/p>\n\n\n\n<div class=\"wp-block-columns is-layout-flex wp-container-core-columns-is-layout-9d6595d7 wp-block-columns-is-layout-flex\">\n<div class=\"wp-block-column is-layout-flow wp-block-column-is-layout-flow\">\n<figure class=\"wp-block-image size-large\"><a href=\"https:\/\/www.danubiobebe.com\/es\/a-jugar\/26870-andador-olmitos-racing-3en1-3052740800001.html\"><img decoding=\"async\" src=\"https:\/\/www.danubiobebe.com\/17926-large_default\/andador-olmitos-racing-3en1.jpg\" alt=\"Andador Olmitos racing 3 en 1\" width=\"NaN\" height=\"NaN\"\/><\/a><\/figure>\n\n\n\n<h2 class=\"wp-block-heading\"><a href=\"https:\/\/www.danubiobebe.com\/es\/a-jugar\/26870-andador-olmitos-racing-3en1-3052740800001.html\"><span style=\"font-weight: 400;\">Andador Olmitos racing 3 en 1<\/span><\/a><\/h2>\n\n\n\n<p><span style=\"font-weight: 400;\">El <b>andador racing<\/b> es la combinaci\u00f3n perfecta entre <b>diversi\u00f3n y seguridad<\/b>. Dise\u00f1ado con materiales de alta calidad y un dise\u00f1o ergon\u00f3mico, brinda un soporte \u00f3ptimo para los<b> primeros pasos de tu peque\u00f1o explorador<\/b>. Con ruedas multidireccionales que facilitan la movilidad y un asiento acolchado para la comodidad del beb\u00e9.<\/span><\/p>\n\n\n\n<div class=\"wp-block-buttons is-content-justification-center is-layout-flex wp-block-buttons-is-layout-flex\">\n<div class=\"wp-block-button\"><a class=\"wp-block-button__link has-black-color has-pale-cyan-blue-background-color has-text-color has-background\" href=\"https:\/\/www.danubiobebe.com\/es\/a-jugar\/27166-8961-gandulita-jane-fold-2.html#\/1765-color-u78_botanic\" rel=\"https:\/\/www.danubiobebe.com\/es\/cunas-de-viaje\/7895-10030-cuna-de-viaje-jane-duo-level-toys-6838.html#\/278-color-t82_cosmos\">A\u00f1adir al carrito <\/a><\/div>\n<\/div>\n<\/div>\n\n\n\n<div class=\"wp-block-column is-layout-flow wp-block-column-is-layout-flow\">\n<figure class=\"wp-block-image size-large is-style-default\"><a href=\"https:\/\/www.danubiobebe.com\/es\/primeros-pasos-y-triciclos\/28527-11066-triciclo-qplay-comfomax-8en1.html#\/119-color-black\"><img decoding=\"async\" src=\"https:\/\/www.danubiobebe.com\/blog\/wp-content\/uploads\/2025\/07\/triciclo-qplay-comfomax-8en1.jpg\" alt=\"\" class=\"wp-image-1921\" width=\"NaN\" height=\"NaN\" srcset=\"https:\/\/www.danubiobebe.com\/blog\/wp-content\/uploads\/2025\/07\/triciclo-qplay-comfomax-8en1.jpg 800w, https:\/\/www.danubiobebe.com\/blog\/wp-content\/uploads\/2025\/07\/triciclo-qplay-comfomax-8en1-270x300.jpg 270w, https:\/\/www.danubiobebe.com\/blog\/wp-content\/uploads\/2025\/07\/triciclo-qplay-comfomax-8en1-768x853.jpg 768w\" sizes=\"(max-width: 800px) 100vw, 800px\" \/><\/a><\/figure>\n\n\n\n<h2 class=\"wp-block-heading\"><a href=\"https:\/\/www.danubiobebe.com\/es\/primeros-pasos-y-triciclos\/28527-11066-triciclo-qplay-comfomax-8en1.html#\/119-color-black\"><span style=\"font-weight: 400;\">Triciclo Qplay Comfo-Max<\/span><\/a><\/h2>\n\n\n\n<p><span style=\"font-weight: 400;\">El triciclo <\/span><b>Qplay Comfo Max 8 en 1<\/b><span style=\"font-weight: 400;\"> acompa\u00f1a a tu hijo desde los 10 meses hasta los 6 a\u00f1os, adapt\u00e1ndose. Cuenta con <\/span><b>asiento<\/b> <b>giratorio<\/b><span style=\"font-weight: 400;\"> y <\/span><b>reclinable<\/b><span style=\"font-weight: 400;\">, <\/span><b>manillar<\/b> <b>ajustable<\/b><span style=\"font-weight: 400;\"> y un sistema de seguridad completo con<\/span><b> cintur\u00f3n <\/b><span style=\"font-weight: 400;\">y <\/span><b>freno<\/b> <b>trasero<\/b><span style=\"font-weight: 400;\">. Adem\u00e1s, tiene <\/span><b>capota<\/b><span style=\"font-weight: 400;\">, <\/span><b>bolsa de almacenamiento<\/b><span style=\"font-weight: 400;\"> y es<\/span><b> f\u00e1cil de plegar<\/b><span style=\"font-weight: 400;\">.<\/span><\/p>\n\n\n\n<div class=\"wp-block-buttons is-content-justification-center is-layout-flex wp-block-buttons-is-layout-flex\">\n<div class=\"wp-block-button\"><a class=\"wp-block-button__link has-black-color has-pale-cyan-blue-background-color has-text-color has-background\" href=\"https:\/\/www.danubiobebe.com\/es\/primeros-pasos-y-triciclos\/28527-11066-triciclo-qplay-comfomax-8en1.html#\/119-color-black\" rel=\"https:\/\/www.danubiobebe.com\/es\/cunas-de-viaje\/7895-10030-cuna-de-viaje-jane-duo-level-toys-6838.html#\/278-color-t82_cosmos\">A\u00f1adir al carrito <\/a><\/div>\n<\/div>\n<\/div>\n<\/div>\n\n\n\n<p><span style=\"font-weight: 400;\"><\/span><\/p>\n\n\n\n<p><span style=\"font-weight: 400;\">Con estos art\u00edculos estamos seguros de que tu peque\u00f1o disfrutar\u00e1 sin parar.<\/span><\/p>\n\n\n\n<p><span style=\"font-weight: 400;\">Desde <\/span><b>Danubio Beb\u00e9, <\/b><span style=\"font-weight: 400;\">estaremos encantados de resolver tus dudas. Contacta con nosotros a trav\u00e9s de <\/span><b>nuestras redes sociales<\/b><span style=\"font-weight: 400;\"> o en nuestras tiendas de <\/span><b>Chiclana de la Frontera y Los Barrios<\/b><\/p>\n\n\n\n<div class=\"wp-block-buttons is-layout-flex wp-block-buttons-is-layout-flex\"><\/div>\n","protected":false},"excerpt":{"rendered":"<p>\u00a1Se acerca la primavera! Por eso te traemos una selecci\u00f3n de los mejores productos para poder disfrutar del aire libre con tu beb\u00e9 de forma c\u00f3moda y segura.<\/p>\n","protected":false},"author":4,"featured_media":879,"comment_status":"closed","ping_status":"closed","sticky":false,"template":"","format":"standard","meta":{"footnotes":""},"categories":[3],"tags":[304],"class_list":["post-878","post","type-post","status-publish","format-standard","has-post-thumbnail","hentry","category-consejos","tag-primavera"],"yoast_head":"<!-- This site is optimized with the Yoast SEO plugin v26.6 - https:\/\/yoast.com\/wordpress\/plugins\/seo\/ -->\n<title>Selecci\u00f3n de Productos para los m\u00e1s peques | Primavera | Danubio Beb\u00e9<\/title>\n<meta name=\"description\" content=\"Los mejores productos para el cuidado y crianza de tu beb\u00e9 durante esta primavera los podr\u00e1s encontrar en nuestra tienda. Ofertas y descuentos especiales\" \/>\n<meta name=\"robots\" content=\"index, follow, max-snippet:-1, max-image-preview:large, max-video-preview:-1\" \/>\n<link rel=\"canonical\" href=\"https:\/\/www.danubiobebe.com\/blog\/disfruta-la-primavera-danubio-bebe\/\" \/>\n<meta property=\"og:locale\" content=\"es_ES\" \/>\n<meta property=\"og:type\" content=\"article\" \/>\n<meta property=\"og:title\" content=\"Selecci\u00f3n de Productos para los m\u00e1s peques | Primavera | Danubio Beb\u00e9\" \/>\n<meta property=\"og:description\" content=\"Los mejores productos para el cuidado y crianza de tu beb\u00e9 durante esta primavera los podr\u00e1s encontrar en nuestra tienda. Ofertas y descuentos especiales\" \/>\n<meta property=\"og:url\" content=\"https:\/\/www.danubiobebe.com\/blog\/disfruta-la-primavera-danubio-bebe\/\" \/>\n<meta property=\"og:site_name\" content=\"Danubio blog\" \/>\n<meta property=\"article:publisher\" content=\"https:\/\/www.facebook.com\/danubio.bebe\/\" \/>\n<meta property=\"article:published_time\" content=\"2025-03-17T09:56:00+00:00\" \/>\n<meta property=\"article:modified_time\" content=\"2025-07-24T08:24:03+00:00\" \/>\n<meta property=\"og:image\" content=\"https:\/\/www.danubiobebe.com\/blog\/wp-content\/uploads\/2021\/03\/imagen-noticia.jpg\" \/>\n\t<meta property=\"og:image:width\" content=\"800\" \/>\n\t<meta property=\"og:image:height\" content=\"534\" \/>\n\t<meta property=\"og:image:type\" content=\"image\/jpeg\" \/>\n<meta name=\"author\" content=\"Danubio Beb\u00e9\" \/>\n<meta name=\"twitter:card\" content=\"summary_large_image\" \/>\n<meta name=\"twitter:creator\" content=\"@danubiobebe\" \/>\n<meta name=\"twitter:site\" content=\"@danubiobebe\" \/>\n<meta name=\"twitter:label1\" content=\"Escrito por\" \/>\n\t<meta name=\"twitter:data1\" content=\"Danubio Beb\u00e9\" \/>\n\t<meta name=\"twitter:label2\" content=\"Tiempo de lectura\" \/>\n\t<meta name=\"twitter:data2\" content=\"2 minutos\" \/>\n<script type=\"application\/ld+json\" class=\"yoast-schema-graph\">{\"@context\":\"https:\/\/schema.org\",\"@graph\":[{\"@type\":\"WebPage\",\"@id\":\"https:\/\/www.danubiobebe.com\/blog\/disfruta-la-primavera-danubio-bebe\/\",\"url\":\"https:\/\/www.danubiobebe.com\/blog\/disfruta-la-primavera-danubio-bebe\/\",\"name\":\"Selecci\u00f3n de Productos para los m\u00e1s peques | Primavera | Danubio Beb\u00e9\",\"isPartOf\":{\"@id\":\"https:\/\/www.danubiobebe.com\/blog\/#website\"},\"primaryImageOfPage\":{\"@id\":\"https:\/\/www.danubiobebe.com\/blog\/disfruta-la-primavera-danubio-bebe\/#primaryimage\"},\"image\":{\"@id\":\"https:\/\/www.danubiobebe.com\/blog\/disfruta-la-primavera-danubio-bebe\/#primaryimage\"},\"thumbnailUrl\":\"https:\/\/www.danubiobebe.com\/blog\/wp-content\/uploads\/2021\/03\/imagen-noticia.jpg\",\"datePublished\":\"2025-03-17T09:56:00+00:00\",\"dateModified\":\"2025-07-24T08:24:03+00:00\",\"author\":{\"@id\":\"https:\/\/www.danubiobebe.com\/blog\/#\/schema\/person\/2783880c335e1e9639139bafa815ba50\"},\"description\":\"Los mejores productos para el cuidado y crianza de tu beb\u00e9 durante esta primavera los podr\u00e1s encontrar en nuestra tienda. Ofertas y descuentos especiales\",\"breadcrumb\":{\"@id\":\"https:\/\/www.danubiobebe.com\/blog\/disfruta-la-primavera-danubio-bebe\/#breadcrumb\"},\"inLanguage\":\"es\",\"potentialAction\":[{\"@type\":\"ReadAction\",\"target\":[\"https:\/\/www.danubiobebe.com\/blog\/disfruta-la-primavera-danubio-bebe\/\"]}]},{\"@type\":\"ImageObject\",\"inLanguage\":\"es\",\"@id\":\"https:\/\/www.danubiobebe.com\/blog\/disfruta-la-primavera-danubio-bebe\/#primaryimage\",\"url\":\"https:\/\/www.danubiobebe.com\/blog\/wp-content\/uploads\/2021\/03\/imagen-noticia.jpg\",\"contentUrl\":\"https:\/\/www.danubiobebe.com\/blog\/wp-content\/uploads\/2021\/03\/imagen-noticia.jpg\",\"width\":800,\"height\":534,\"caption\":\"Portada Blog. Disfruta de la primavera con Danubio Beb\u00e9.\"},{\"@type\":\"BreadcrumbList\",\"@id\":\"https:\/\/www.danubiobebe.com\/blog\/disfruta-la-primavera-danubio-bebe\/#breadcrumb\",\"itemListElement\":[{\"@type\":\"ListItem\",\"position\":1,\"name\":\"Portada\",\"item\":\"https:\/\/www.danubiobebe.com\/blog\/\"},{\"@type\":\"ListItem\",\"position\":2,\"name\":\"Disfruta de la primavera con Danubio Beb\u00e9\"}]},{\"@type\":\"WebSite\",\"@id\":\"https:\/\/www.danubiobebe.com\/blog\/#website\",\"url\":\"https:\/\/www.danubiobebe.com\/blog\/\",\"name\":\"Danubio blog\",\"description\":\"Toda la actualidad en el mundo del beb\u00e9\",\"potentialAction\":[{\"@type\":\"SearchAction\",\"target\":{\"@type\":\"EntryPoint\",\"urlTemplate\":\"https:\/\/www.danubiobebe.com\/blog\/?s={search_term_string}\"},\"query-input\":{\"@type\":\"PropertyValueSpecification\",\"valueRequired\":true,\"valueName\":\"search_term_string\"}}],\"inLanguage\":\"es\"},{\"@type\":\"Person\",\"@id\":\"https:\/\/www.danubiobebe.com\/blog\/#\/schema\/person\/2783880c335e1e9639139bafa815ba50\",\"name\":\"Danubio Beb\u00e9\",\"url\":\"https:\/\/www.danubiobebe.com\/blog\/author\/chari\/\"}]}<\/script>\n<!-- \/ Yoast SEO plugin. -->","yoast_head_json":{"title":"Selecci\u00f3n de Productos para los m\u00e1s peques | Primavera | Danubio Beb\u00e9","description":"Los mejores productos para el cuidado y crianza de tu beb\u00e9 durante esta primavera los podr\u00e1s encontrar en nuestra tienda. Ofertas y descuentos especiales","robots":{"index":"index","follow":"follow","max-snippet":"max-snippet:-1","max-image-preview":"max-image-preview:large","max-video-preview":"max-video-preview:-1"},"canonical":"https:\/\/www.danubiobebe.com\/blog\/disfruta-la-primavera-danubio-bebe\/","og_locale":"es_ES","og_type":"article","og_title":"Selecci\u00f3n de Productos para los m\u00e1s peques | Primavera | Danubio Beb\u00e9","og_description":"Los mejores productos para el cuidado y crianza de tu beb\u00e9 durante esta primavera los podr\u00e1s encontrar en nuestra tienda. Ofertas y descuentos especiales","og_url":"https:\/\/www.danubiobebe.com\/blog\/disfruta-la-primavera-danubio-bebe\/","og_site_name":"Danubio blog","article_publisher":"https:\/\/www.facebook.com\/danubio.bebe\/","article_published_time":"2025-03-17T09:56:00+00:00","article_modified_time":"2025-07-24T08:24:03+00:00","og_image":[{"width":800,"height":534,"url":"https:\/\/www.danubiobebe.com\/blog\/wp-content\/uploads\/2021\/03\/imagen-noticia.jpg","type":"image\/jpeg"}],"author":"Danubio Beb\u00e9","twitter_card":"summary_large_image","twitter_creator":"@danubiobebe","twitter_site":"@danubiobebe","twitter_misc":{"Escrito por":"Danubio Beb\u00e9","Tiempo de lectura":"2 minutos"},"schema":{"@context":"https:\/\/schema.org","@graph":[{"@type":"WebPage","@id":"https:\/\/www.danubiobebe.com\/blog\/disfruta-la-primavera-danubio-bebe\/","url":"https:\/\/www.danubiobebe.com\/blog\/disfruta-la-primavera-danubio-bebe\/","name":"Selecci\u00f3n de Productos para los m\u00e1s peques | Primavera | Danubio Beb\u00e9","isPartOf":{"@id":"https:\/\/www.danubiobebe.com\/blog\/#website"},"primaryImageOfPage":{"@id":"https:\/\/www.danubiobebe.com\/blog\/disfruta-la-primavera-danubio-bebe\/#primaryimage"},"image":{"@id":"https:\/\/www.danubiobebe.com\/blog\/disfruta-la-primavera-danubio-bebe\/#primaryimage"},"thumbnailUrl":"https:\/\/www.danubiobebe.com\/blog\/wp-content\/uploads\/2021\/03\/imagen-noticia.jpg","datePublished":"2025-03-17T09:56:00+00:00","dateModified":"2025-07-24T08:24:03+00:00","author":{"@id":"https:\/\/www.danubiobebe.com\/blog\/#\/schema\/person\/2783880c335e1e9639139bafa815ba50"},"description":"Los mejores productos para el cuidado y crianza de tu beb\u00e9 durante esta primavera los podr\u00e1s encontrar en nuestra tienda. Ofertas y descuentos especiales","breadcrumb":{"@id":"https:\/\/www.danubiobebe.com\/blog\/disfruta-la-primavera-danubio-bebe\/#breadcrumb"},"inLanguage":"es","potentialAction":[{"@type":"ReadAction","target":["https:\/\/www.danubiobebe.com\/blog\/disfruta-la-primavera-danubio-bebe\/"]}]},{"@type":"ImageObject","inLanguage":"es","@id":"https:\/\/www.danubiobebe.com\/blog\/disfruta-la-primavera-danubio-bebe\/#primaryimage","url":"https:\/\/www.danubiobebe.com\/blog\/wp-content\/uploads\/2021\/03\/imagen-noticia.jpg","contentUrl":"https:\/\/www.danubiobebe.com\/blog\/wp-content\/uploads\/2021\/03\/imagen-noticia.jpg","width":800,"height":534,"caption":"Portada Blog. Disfruta de la primavera con Danubio Beb\u00e9."},{"@type":"BreadcrumbList","@id":"https:\/\/www.danubiobebe.com\/blog\/disfruta-la-primavera-danubio-bebe\/#breadcrumb","itemListElement":[{"@type":"ListItem","position":1,"name":"Portada","item":"https:\/\/www.danubiobebe.com\/blog\/"},{"@type":"ListItem","position":2,"name":"Disfruta de la primavera con Danubio Beb\u00e9"}]},{"@type":"WebSite","@id":"https:\/\/www.danubiobebe.com\/blog\/#website","url":"https:\/\/www.danubiobebe.com\/blog\/","name":"Danubio blog","description":"Toda la actualidad en el mundo del beb\u00e9","potentialAction":[{"@type":"SearchAction","target":{"@type":"EntryPoint","urlTemplate":"https:\/\/www.danubiobebe.com\/blog\/?s={search_term_string}"},"query-input":{"@type":"PropertyValueSpecification","valueRequired":true,"valueName":"search_term_string"}}],"inLanguage":"es"},{"@type":"Person","@id":"https:\/\/www.danubiobebe.com\/blog\/#\/schema\/person\/2783880c335e1e9639139bafa815ba50","name":"Danubio Beb\u00e9","url":"https:\/\/www.danubiobebe.com\/blog\/author\/chari\/"}]}},"_links":{"self":[{"href":"https:\/\/www.danubiobebe.com\/blog\/wp-json\/wp\/v2\/posts\/878","targetHints":{"allow":["GET"]}}],"collection":[{"href":"https:\/\/www.danubiobebe.com\/blog\/wp-json\/wp\/v2\/posts"}],"about":[{"href":"https:\/\/www.danubiobebe.com\/blog\/wp-json\/wp\/v2\/types\/post"}],"author":[{"embeddable":true,"href":"https:\/\/www.danubiobebe.com\/blog\/wp-json\/wp\/v2\/users\/4"}],"replies":[{"embeddable":true,"href":"https:\/\/www.danubiobebe.com\/blog\/wp-json\/wp\/v2\/comments?post=878"}],"version-history":[{"count":14,"href":"https:\/\/www.danubiobebe.com\/blog\/wp-json\/wp\/v2\/posts\/878\/revisions"}],"predecessor-version":[{"id":2000,"href":"https:\/\/www.danubiobebe.com\/blog\/wp-json\/wp\/v2\/posts\/878\/revisions\/2000"}],"wp:featuredmedia":[{"embeddable":true,"href":"https:\/\/www.danubiobebe.com\/blog\/wp-json\/wp\/v2\/media\/879"}],"wp:attachment":[{"href":"https:\/\/www.danubiobebe.com\/blog\/wp-json\/wp\/v2\/media?parent=878"}],"wp:term":[{"taxonomy":"category","embeddable":true,"href":"https:\/\/www.danubiobebe.com\/blog\/wp-json\/wp\/v2\/categories?post=878"},{"taxonomy":"post_tag","embeddable":true,"href":"https:\/\/www.danubiobebe.com\/blog\/wp-json\/wp\/v2\/tags?post=878"}],"curies":[{"name":"wp","href":"https:\/\/api.w.org\/{rel}","templated":true}]}}