{"id":825,"date":"2020-12-03T10:45:42","date_gmt":"2020-12-03T10:45:42","guid":{"rendered":"https:\/\/www.danubiobebe.com\/blog\/?p=825"},"modified":"2020-12-04T12:46:58","modified_gmt":"2020-12-04T12:46:58","slug":"esta-navidad-se-lo-merecen-mas-nunca","status":"publish","type":"post","link":"https:\/\/www.danubiobebe.com\/blog\/esta-navidad-se-lo-merecen-mas-nunca\/","title":{"rendered":"Esta Navidad se lo merecen m\u00e1s que nunca"},"content":{"rendered":"<p>Este a\u00f1o ha sido dif\u00edcil para todos pero, especialmente, para los m\u00e1s peques. Sin duda son los que mejor se han portado y, aunque esta Navidad tambi\u00e9n vaya a ser un poco diferente, se merecen disfrutar de ella m\u00e1s que nunca. Por eso, desde <a href=\"https:\/\/www.danubiobebe.com\/es\/\"><strong>Danubio Beb\u00e9<\/strong><\/a>, os traemos varias ideas de regalos que a\u00f1adir a la carta de los Reyes Magos y que seguro que les encantar\u00e1n.<\/p>\n<p>Dependiendo de la edad de tu hij@, habr\u00e1 juguetes m\u00e1s o menos adecuados. Deben ser apropiados para su edad y acorde a sus habilidades y preferencias, de lo contrario puede no saber c\u00f3mo utilizarlo y se aburrir\u00e1 muy pronto de \u00e9l. Por eso os hemos tra\u00eddo nuestra selecci\u00f3n con diferentes categor\u00edas apropiadas para cada edad:<\/p>\n<p><strong>Desde su nacimiento hasta los 6 meses:<\/strong><\/p>\n<ul>\n<li><a href=\"https:\/\/www.danubiobebe.com\/es\/cunas\/1769-carrusel-movil-soothen-groove-tiny-love.html#\/2748-color-tiny_princess\">Carrusel movil Soothen Groove Tiny Love<\/a><\/li>\n<\/ul>\n<p><a href=\"https:\/\/www.danubiobebe.com\/es\/cunas\/1769-carrusel-movil-soothen-groove-tiny-love.html#\/2748-color-tiny_princess\"><img loading=\"lazy\" decoding=\"async\" class=\"alignnone wp-image-827\" src=\"https:\/\/www.danubiobebe.com\/blog\/wp-content\/uploads\/2020\/12\/61hRhbmOCrL.jpg\" alt=\"Este a\u00f1o se lo merecen m\u00e1s que nunca\" width=\"521\" height=\"521\" srcset=\"https:\/\/www.danubiobebe.com\/blog\/wp-content\/uploads\/2020\/12\/61hRhbmOCrL.jpg 1000w, https:\/\/www.danubiobebe.com\/blog\/wp-content\/uploads\/2020\/12\/61hRhbmOCrL-150x150.jpg 150w, https:\/\/www.danubiobebe.com\/blog\/wp-content\/uploads\/2020\/12\/61hRhbmOCrL-300x300.jpg 300w, https:\/\/www.danubiobebe.com\/blog\/wp-content\/uploads\/2020\/12\/61hRhbmOCrL-768x768.jpg 768w\" sizes=\"auto, (max-width: 521px) 100vw, 521px\" \/><\/a><\/p>\n<p>&nbsp;<\/p>\n<ul>\n<li><a href=\"https:\/\/www.danubiobebe.com\/es\/de-cuna\/1768-ristra-gusanito.html\">Ristra gusanito<\/a><\/li>\n<\/ul>\n<p><a href=\"https:\/\/www.danubiobebe.com\/es\/de-cuna\/1768-ristra-gusanito.html\"><img loading=\"lazy\" decoding=\"async\" class=\"alignnone wp-image-828\" src=\"https:\/\/www.danubiobebe.com\/blog\/wp-content\/uploads\/2020\/12\/51QvCZc10vL._AC_SY400_.jpg\" alt=\"Este a\u00f1o se lo merecen m\u00e1s que nunca\" width=\"528\" height=\"450\" srcset=\"https:\/\/www.danubiobebe.com\/blog\/wp-content\/uploads\/2020\/12\/51QvCZc10vL._AC_SY400_.jpg 436w, https:\/\/www.danubiobebe.com\/blog\/wp-content\/uploads\/2020\/12\/51QvCZc10vL._AC_SY400_-300x256.jpg 300w\" sizes=\"auto, (max-width: 528px) 100vw, 528px\" \/><\/a><\/p>\n<p>&nbsp;<\/p>\n<ul>\n<li><a href=\"https:\/\/www.danubiobebe.com\/es\/columpios-y-hamacas\/1878-columpio-musical-swing-asalvo.html?search_query=3371270300&amp;results=1\">Columpio Musical Swing Asalvo<\/a>:<\/li>\n<\/ul>\n<p><a href=\"https:\/\/www.danubiobebe.com\/es\/columpios-y-hamacas\/1878-columpio-musical-swing-asalvo.html?search_query=3371270300&amp;results=1\"><img loading=\"lazy\" decoding=\"async\" class=\"alignnone wp-image-847\" src=\"https:\/\/www.danubiobebe.com\/blog\/wp-content\/uploads\/2020\/12\/columpio-musical-swing-asalvo.jpg\" alt=\"Estas Navidades se lo merecen m\u00e1s que nunca\" width=\"554\" height=\"554\" srcset=\"https:\/\/www.danubiobebe.com\/blog\/wp-content\/uploads\/2020\/12\/columpio-musical-swing-asalvo.jpg 800w, https:\/\/www.danubiobebe.com\/blog\/wp-content\/uploads\/2020\/12\/columpio-musical-swing-asalvo-150x150.jpg 150w, https:\/\/www.danubiobebe.com\/blog\/wp-content\/uploads\/2020\/12\/columpio-musical-swing-asalvo-300x300.jpg 300w, https:\/\/www.danubiobebe.com\/blog\/wp-content\/uploads\/2020\/12\/columpio-musical-swing-asalvo-768x768.jpg 768w\" sizes=\"auto, (max-width: 554px) 100vw, 554px\" \/><\/a><\/p>\n<p>&nbsp;<\/p>\n<p>&nbsp;<\/p>\n<ul>\n<li><a href=\"https:\/\/www.danubiobebe.com\/es\/mantas-de-actividades\/1824-gimnasio-travel-gym-playmat-molto.html?search_query=peluche&amp;results=24\">Gimnasio Travel Gym Playmat Molto<\/a><\/li>\n<\/ul>\n<p><a href=\"https:\/\/www.danubiobebe.com\/es\/mantas-de-actividades\/1824-gimnasio-travel-gym-playmat-molto.html?search_query=peluche&amp;results=24\"><img loading=\"lazy\" decoding=\"async\" class=\"alignnone wp-image-830 \" src=\"https:\/\/www.danubiobebe.com\/blog\/wp-content\/uploads\/2020\/12\/gimnasio-travel-gym-playmat-molto.jpg\" alt=\"Este a\u00f1o se lo merecen m\u00e1s que nunca\" width=\"644\" height=\"644\" srcset=\"https:\/\/www.danubiobebe.com\/blog\/wp-content\/uploads\/2020\/12\/gimnasio-travel-gym-playmat-molto.jpg 800w, https:\/\/www.danubiobebe.com\/blog\/wp-content\/uploads\/2020\/12\/gimnasio-travel-gym-playmat-molto-150x150.jpg 150w, https:\/\/www.danubiobebe.com\/blog\/wp-content\/uploads\/2020\/12\/gimnasio-travel-gym-playmat-molto-300x300.jpg 300w, https:\/\/www.danubiobebe.com\/blog\/wp-content\/uploads\/2020\/12\/gimnasio-travel-gym-playmat-molto-768x768.jpg 768w\" sizes=\"auto, (max-width: 644px) 100vw, 644px\" \/><\/a><\/p>\n<ul>\n<li><a href=\"https:\/\/www.danubiobebe.com\/es\/minicunas\/1148-moises-plegable-ivoly-gris-plastimyr.html?search_query=2050590000&amp;results=1\">Mois\u00e9s Plegable Ivoly Gris Plastimyr:<\/a><\/li>\n<\/ul>\n<p><a href=\"https:\/\/www.danubiobebe.com\/es\/minicunas\/1148-moises-plegable-ivoly-gris-plastimyr.html?search_query=2050590000&amp;results=1\"><img loading=\"lazy\" decoding=\"async\" class=\"alignnone wp-image-856\" src=\"https:\/\/www.danubiobebe.com\/blog\/wp-content\/uploads\/2020\/12\/moises-plegable-ivoly-gris-plastimyr-1.jpg\" alt=\"Esta Navidad se lo merecen m\u00e1s que nunca\" width=\"730\" height=\"730\" srcset=\"https:\/\/www.danubiobebe.com\/blog\/wp-content\/uploads\/2020\/12\/moises-plegable-ivoly-gris-plastimyr-1.jpg 800w, https:\/\/www.danubiobebe.com\/blog\/wp-content\/uploads\/2020\/12\/moises-plegable-ivoly-gris-plastimyr-1-150x150.jpg 150w, https:\/\/www.danubiobebe.com\/blog\/wp-content\/uploads\/2020\/12\/moises-plegable-ivoly-gris-plastimyr-1-300x300.jpg 300w, https:\/\/www.danubiobebe.com\/blog\/wp-content\/uploads\/2020\/12\/moises-plegable-ivoly-gris-plastimyr-1-768x768.jpg 768w\" sizes=\"auto, (max-width: 730px) 100vw, 730px\" \/><\/a><\/p>\n<p>&nbsp;<\/p>\n<p><strong>Entre 6 y 12 meses:<\/strong><\/p>\n<ul>\n<li><a href=\"https:\/\/www.danubiobebe.com\/es\/cunas-de-viaje\/1537-cuna-viaje-cuadrada-2020-asalvo.html?search_query=3201271100&amp;results=1\">Cuna Viaje Cuadrada 2020 Asalvo:<\/a><\/li>\n<\/ul>\n<p><a href=\"https:\/\/www.danubiobebe.com\/es\/cunas-de-viaje\/1537-cuna-viaje-cuadrada-2020-asalvo.html?search_query=3201271100&amp;results=1\"><img loading=\"lazy\" decoding=\"async\" class=\"alignnone wp-image-849 \" src=\"https:\/\/www.danubiobebe.com\/blog\/wp-content\/uploads\/2020\/12\/cuna-viaje-cuadrada-2020-asalvo.jpg\" alt=\"Esta Navidad se lo merecen m\u00e1s que nunca\" width=\"610\" height=\"610\" srcset=\"https:\/\/www.danubiobebe.com\/blog\/wp-content\/uploads\/2020\/12\/cuna-viaje-cuadrada-2020-asalvo.jpg 471w, https:\/\/www.danubiobebe.com\/blog\/wp-content\/uploads\/2020\/12\/cuna-viaje-cuadrada-2020-asalvo-150x150.jpg 150w, https:\/\/www.danubiobebe.com\/blog\/wp-content\/uploads\/2020\/12\/cuna-viaje-cuadrada-2020-asalvo-300x300.jpg 300w\" sizes=\"auto, (max-width: 610px) 100vw, 610px\" \/><\/a><\/p>\n<ul>\n<li><a href=\"https:\/\/www.danubiobebe.com\/es\/peluches-sonajeros-y-mordedores\/1876-mordedor-actividades-clopete-playgro.html?search_query=4421930700&amp;results=1\">Mordedor Actividades Clopete Playgro:<\/a><\/li>\n<\/ul>\n<p><a href=\"https:\/\/www.danubiobebe.com\/es\/peluches-sonajeros-y-mordedores\/1876-mordedor-actividades-clopete-playgro.html?search_query=4421930700&amp;results=1\"><img loading=\"lazy\" decoding=\"async\" class=\"alignnone wp-image-850 size-full\" src=\"https:\/\/www.danubiobebe.com\/blog\/wp-content\/uploads\/2020\/12\/mordedor-actividades-clopete-playgro.jpg\" alt=\"Esta Navidad se lo merecen m\u00e1s que nunca\" width=\"800\" height=\"800\" srcset=\"https:\/\/www.danubiobebe.com\/blog\/wp-content\/uploads\/2020\/12\/mordedor-actividades-clopete-playgro.jpg 800w, https:\/\/www.danubiobebe.com\/blog\/wp-content\/uploads\/2020\/12\/mordedor-actividades-clopete-playgro-150x150.jpg 150w, https:\/\/www.danubiobebe.com\/blog\/wp-content\/uploads\/2020\/12\/mordedor-actividades-clopete-playgro-300x300.jpg 300w, https:\/\/www.danubiobebe.com\/blog\/wp-content\/uploads\/2020\/12\/mordedor-actividades-clopete-playgro-768x768.jpg 768w\" sizes=\"auto, (max-width: 800px) 100vw, 800px\" \/><\/a><\/p>\n<ul>\n<li><a href=\"https:\/\/www.danubiobebe.com\/es\/mantas-de-actividades\/1790-gimnasio-manta-activ-cbolas-leon-kiokids.html\">Gimnasio manta Actic.\/ C\/Bolas Leon Kiokids<\/a><\/li>\n<\/ul>\n<p><a href=\"https:\/\/www.danubiobebe.com\/es\/mantas-de-actividades\/1790-gimnasio-manta-activ-cbolas-leon-kiokids.html\"><img loading=\"lazy\" decoding=\"async\" class=\"alignnone wp-image-834 size-full\" src=\"https:\/\/www.danubiobebe.com\/blog\/wp-content\/uploads\/2020\/12\/gimnasio-manta-activ-cbolas-leon-kiokids.jpg\" alt=\"Esta Navidad se lo merecen m\u00e1s que nunca\" width=\"800\" height=\"800\" srcset=\"https:\/\/www.danubiobebe.com\/blog\/wp-content\/uploads\/2020\/12\/gimnasio-manta-activ-cbolas-leon-kiokids.jpg 800w, https:\/\/www.danubiobebe.com\/blog\/wp-content\/uploads\/2020\/12\/gimnasio-manta-activ-cbolas-leon-kiokids-150x150.jpg 150w, https:\/\/www.danubiobebe.com\/blog\/wp-content\/uploads\/2020\/12\/gimnasio-manta-activ-cbolas-leon-kiokids-300x300.jpg 300w, https:\/\/www.danubiobebe.com\/blog\/wp-content\/uploads\/2020\/12\/gimnasio-manta-activ-cbolas-leon-kiokids-768x768.jpg 768w\" sizes=\"auto, (max-width: 800px) 100vw, 800px\" \/><\/a><\/p>\n<p><strong>Entre los 12 y los 18 meses:<\/strong><\/p>\n<ul>\n<li><a href=\"https:\/\/www.danubiobebe.com\/es\/saltadores-y-andadores\/287-andador-formula-kid-g74-jane-8420421041758.html?search_query=3050950501&amp;results=1\">Andador Formula Kid G74 Jan\u00e9:<\/a><\/li>\n<\/ul>\n<p><a href=\"https:\/\/www.danubiobebe.com\/es\/saltadores-y-andadores\/287-andador-formula-kid-g74-jane-8420421041758.html?search_query=3050950501&amp;results=1\"><img loading=\"lazy\" decoding=\"async\" class=\"alignnone wp-image-851\" src=\"https:\/\/www.danubiobebe.com\/blog\/wp-content\/uploads\/2020\/12\/andador-formula-kid-g74-jane.jpg\" alt=\"Esta Navidad se lo merecen m\u00e1s que nunca\" width=\"636\" height=\"636\" srcset=\"https:\/\/www.danubiobebe.com\/blog\/wp-content\/uploads\/2020\/12\/andador-formula-kid-g74-jane.jpg 800w, https:\/\/www.danubiobebe.com\/blog\/wp-content\/uploads\/2020\/12\/andador-formula-kid-g74-jane-150x150.jpg 150w, https:\/\/www.danubiobebe.com\/blog\/wp-content\/uploads\/2020\/12\/andador-formula-kid-g74-jane-300x300.jpg 300w, https:\/\/www.danubiobebe.com\/blog\/wp-content\/uploads\/2020\/12\/andador-formula-kid-g74-jane-768x768.jpg 768w\" sizes=\"auto, (max-width: 636px) 100vw, 636px\" \/><\/a><\/p>\n<ul>\n<li><a href=\"https:\/\/www.danubiobebe.com\/es\/primeros-pasos-y-triciclos\/393-primeros-pasos-musiales-chicco-8003670224211.html?search_query=3450220000&amp;results=1\">Primeros Pasos Musicales Chicco:<\/a><\/li>\n<\/ul>\n<p><a href=\"https:\/\/www.danubiobebe.com\/es\/primeros-pasos-y-triciclos\/393-primeros-pasos-musiales-chicco-8003670224211.html?search_query=3450220000&amp;results=1\"><img loading=\"lazy\" decoding=\"async\" class=\"alignnone wp-image-852 \" src=\"https:\/\/www.danubiobebe.com\/blog\/wp-content\/uploads\/2020\/12\/primeros-pasos-musiales-chicco.jpg\" alt=\"Esta Navidad se lo merecen m\u00e1s que nunca\" width=\"652\" height=\"652\" srcset=\"https:\/\/www.danubiobebe.com\/blog\/wp-content\/uploads\/2020\/12\/primeros-pasos-musiales-chicco.jpg 800w, https:\/\/www.danubiobebe.com\/blog\/wp-content\/uploads\/2020\/12\/primeros-pasos-musiales-chicco-150x150.jpg 150w, https:\/\/www.danubiobebe.com\/blog\/wp-content\/uploads\/2020\/12\/primeros-pasos-musiales-chicco-300x300.jpg 300w, https:\/\/www.danubiobebe.com\/blog\/wp-content\/uploads\/2020\/12\/primeros-pasos-musiales-chicco-768x768.jpg 768w\" sizes=\"auto, (max-width: 652px) 100vw, 652px\" \/><\/a><\/p>\n<ul>\n<li><a href=\"https:\/\/www.danubiobebe.com\/es\/primeros-pasos-y-triciclos\/1869-triciclo-mundibebe.html\">Triciclo\u00a0Mundibeb\u00e9<\/a><\/li>\n<\/ul>\n<p><a href=\"https:\/\/www.danubiobebe.com\/es\/primeros-pasos-y-triciclos\/1869-triciclo-mundibebe.html\"><img loading=\"lazy\" decoding=\"async\" class=\"alignnone wp-image-837 \" src=\"https:\/\/www.danubiobebe.com\/blog\/wp-content\/uploads\/2020\/12\/triciclo-mundibebe.jpg\" alt=\"Esta Navidad se lo merecen m\u00e1s que nunca\" width=\"650\" height=\"650\" srcset=\"https:\/\/www.danubiobebe.com\/blog\/wp-content\/uploads\/2020\/12\/triciclo-mundibebe.jpg 800w, https:\/\/www.danubiobebe.com\/blog\/wp-content\/uploads\/2020\/12\/triciclo-mundibebe-150x150.jpg 150w, https:\/\/www.danubiobebe.com\/blog\/wp-content\/uploads\/2020\/12\/triciclo-mundibebe-300x300.jpg 300w, https:\/\/www.danubiobebe.com\/blog\/wp-content\/uploads\/2020\/12\/triciclo-mundibebe-768x768.jpg 768w\" sizes=\"auto, (max-width: 650px) 100vw, 650px\" \/><\/a><\/p>\n<ul>\n<li><a href=\"https:\/\/www.danubiobebe.com\/es\/carritos-y-complementos\/804-marta-vestido-con-corona-la-nina.html\">Marta vestido con corona La Nina<\/a><\/li>\n<\/ul>\n<p><a href=\"https:\/\/www.danubiobebe.com\/es\/carritos-y-complementos\/804-marta-vestido-con-corona-la-nina.html\"><img loading=\"lazy\" decoding=\"async\" class=\"alignnone wp-image-838 size-full\" src=\"https:\/\/www.danubiobebe.com\/blog\/wp-content\/uploads\/2020\/12\/marta-vestido-con-corona-la-nina.jpg\" alt=\"Esta Navidad se lo merecen m\u00e1s que nunca\" width=\"800\" height=\"800\" srcset=\"https:\/\/www.danubiobebe.com\/blog\/wp-content\/uploads\/2020\/12\/marta-vestido-con-corona-la-nina.jpg 800w, https:\/\/www.danubiobebe.com\/blog\/wp-content\/uploads\/2020\/12\/marta-vestido-con-corona-la-nina-150x150.jpg 150w, https:\/\/www.danubiobebe.com\/blog\/wp-content\/uploads\/2020\/12\/marta-vestido-con-corona-la-nina-300x300.jpg 300w, https:\/\/www.danubiobebe.com\/blog\/wp-content\/uploads\/2020\/12\/marta-vestido-con-corona-la-nina-768x768.jpg 768w\" sizes=\"auto, (max-width: 800px) 100vw, 800px\" \/><\/a><\/p>\n<p>&nbsp;<\/p>\n<p><strong>A partir de los 18 meses:<\/strong><\/p>\n<ul>\n<li><a href=\"https:\/\/www.danubiobebe.com\/es\/carritos-y-complementos\/1456-coche-juguete-clasico-acolchado-azul-marino-la-nina.html\">Coche juguete cl\u00e1sico acolchado (azul marino) La Nina<\/a><\/li>\n<\/ul>\n<p><a href=\"https:\/\/www.danubiobebe.com\/es\/carritos-y-complementos\/1456-coche-juguete-clasico-acolchado-azul-marino-la-nina.html\"><img loading=\"lazy\" decoding=\"async\" class=\"alignnone wp-image-839 \" src=\"https:\/\/www.danubiobebe.com\/blog\/wp-content\/uploads\/2020\/12\/coche-juguete-clasico-acolchado-azul-marino-la-nina.jpg\" alt=\"Esta Navidad se lo merecen m\u00e1s que nunca\" width=\"640\" height=\"640\" srcset=\"https:\/\/www.danubiobebe.com\/blog\/wp-content\/uploads\/2020\/12\/coche-juguete-clasico-acolchado-azul-marino-la-nina.jpg 800w, https:\/\/www.danubiobebe.com\/blog\/wp-content\/uploads\/2020\/12\/coche-juguete-clasico-acolchado-azul-marino-la-nina-150x150.jpg 150w, https:\/\/www.danubiobebe.com\/blog\/wp-content\/uploads\/2020\/12\/coche-juguete-clasico-acolchado-azul-marino-la-nina-300x300.jpg 300w, https:\/\/www.danubiobebe.com\/blog\/wp-content\/uploads\/2020\/12\/coche-juguete-clasico-acolchado-azul-marino-la-nina-768x768.jpg 768w\" sizes=\"auto, (max-width: 640px) 100vw, 640px\" \/><\/a><\/p>\n<ul>\n<li><a href=\"https:\/\/www.danubiobebe.com\/es\/carritos-y-complementos\/1784-muneco-la-nina-30-cm.html?search_query=4150900700&amp;results=1\">Mu\u00f1eca La Nina 30cm:<\/a><\/li>\n<\/ul>\n<p><a href=\"https:\/\/www.danubiobebe.com\/es\/carritos-y-complementos\/1784-muneco-la-nina-30-cm.html?search_query=4150900700&amp;results=1\"><img loading=\"lazy\" decoding=\"async\" class=\"alignnone wp-image-853 \" src=\"https:\/\/www.danubiobebe.com\/blog\/wp-content\/uploads\/2020\/12\/muneco-la-nina-30-cm.jpg\" alt=\"Estas Navidades se lo merecen m\u00e1s que nunca\" width=\"613\" height=\"613\" srcset=\"https:\/\/www.danubiobebe.com\/blog\/wp-content\/uploads\/2020\/12\/muneco-la-nina-30-cm.jpg 800w, https:\/\/www.danubiobebe.com\/blog\/wp-content\/uploads\/2020\/12\/muneco-la-nina-30-cm-150x150.jpg 150w, https:\/\/www.danubiobebe.com\/blog\/wp-content\/uploads\/2020\/12\/muneco-la-nina-30-cm-300x300.jpg 300w, https:\/\/www.danubiobebe.com\/blog\/wp-content\/uploads\/2020\/12\/muneco-la-nina-30-cm-768x768.jpg 768w\" sizes=\"auto, (max-width: 613px) 100vw, 613px\" \/><\/a><\/p>\n<p>&nbsp;<\/p>\n<ul>\n<li><a href=\"https:\/\/www.danubiobebe.com\/es\/plataformas-o-patines\/1424-patinete-asiento-kids-scoofer-olmitos.html\">Patinete + Asiento Kids Scoofer Olmitos<\/a><\/li>\n<\/ul>\n<p><a href=\"https:\/\/www.danubiobebe.com\/es\/plataformas-o-patines\/1424-patinete-asiento-kids-scoofer-olmitos.html\"><img loading=\"lazy\" decoding=\"async\" class=\"alignnone wp-image-841\" src=\"https:\/\/www.danubiobebe.com\/blog\/wp-content\/uploads\/2020\/12\/patinete-asiento-kids-scoofer-olmitos.jpg\" alt=\"Esta Navidad se lo merecen m\u00e1s que nunca\" width=\"564\" height=\"564\" srcset=\"https:\/\/www.danubiobebe.com\/blog\/wp-content\/uploads\/2020\/12\/patinete-asiento-kids-scoofer-olmitos.jpg 800w, https:\/\/www.danubiobebe.com\/blog\/wp-content\/uploads\/2020\/12\/patinete-asiento-kids-scoofer-olmitos-150x150.jpg 150w, https:\/\/www.danubiobebe.com\/blog\/wp-content\/uploads\/2020\/12\/patinete-asiento-kids-scoofer-olmitos-300x300.jpg 300w, https:\/\/www.danubiobebe.com\/blog\/wp-content\/uploads\/2020\/12\/patinete-asiento-kids-scoofer-olmitos-768x768.jpg 768w\" sizes=\"auto, (max-width: 564px) 100vw, 564px\" \/><\/a><\/p>\n<p>&nbsp;<\/p>\n<ul>\n<li><a href=\"https:\/\/www.danubiobebe.com\/es\/carritos-y-complementos\/1461-bolso-canastilla-juguete-caccesorios-charlotte-la-nina.html\">Bolso canastilla juguete c\/accesorios Charlotte La Nina<\/a><\/li>\n<\/ul>\n<p><a href=\"https:\/\/www.danubiobebe.com\/es\/carritos-y-complementos\/1461-bolso-canastilla-juguete-caccesorios-charlotte-la-nina.html\"><img loading=\"lazy\" decoding=\"async\" class=\"alignnone wp-image-842\" src=\"https:\/\/www.danubiobebe.com\/blog\/wp-content\/uploads\/2020\/12\/bolso-canastilla-juguete-caccesorios-charlotte-la-nina.jpg\" alt=\"Esta Navidad se lo merecen m\u00e1s que nunca\" width=\"594\" height=\"594\" srcset=\"https:\/\/www.danubiobebe.com\/blog\/wp-content\/uploads\/2020\/12\/bolso-canastilla-juguete-caccesorios-charlotte-la-nina.jpg 800w, https:\/\/www.danubiobebe.com\/blog\/wp-content\/uploads\/2020\/12\/bolso-canastilla-juguete-caccesorios-charlotte-la-nina-150x150.jpg 150w, https:\/\/www.danubiobebe.com\/blog\/wp-content\/uploads\/2020\/12\/bolso-canastilla-juguete-caccesorios-charlotte-la-nina-300x300.jpg 300w, https:\/\/www.danubiobebe.com\/blog\/wp-content\/uploads\/2020\/12\/bolso-canastilla-juguete-caccesorios-charlotte-la-nina-768x768.jpg 768w\" sizes=\"auto, (max-width: 594px) 100vw, 594px\" \/><\/a><\/p>\n<ul>\n<li><a href=\"https:\/\/www.danubiobebe.com\/es\/carritos-y-complementos\/1463-silla-juguete-clasica-azul-marino-la-nina.html\">Silla juguete cl\u00e1zsica (azul marino) La Nina<\/a><\/li>\n<\/ul>\n<p><a href=\"https:\/\/www.danubiobebe.com\/es\/carritos-y-complementos\/1463-silla-juguete-clasica-azul-marino-la-nina.html\"><img loading=\"lazy\" decoding=\"async\" class=\"alignnone wp-image-843 size-full\" src=\"https:\/\/www.danubiobebe.com\/blog\/wp-content\/uploads\/2020\/12\/silla-juguete-clasica-azul-marino-la-nina.jpg\" alt=\"Esta Navidad se lo merecen m\u00e1s que nunca\" width=\"800\" height=\"800\" srcset=\"https:\/\/www.danubiobebe.com\/blog\/wp-content\/uploads\/2020\/12\/silla-juguete-clasica-azul-marino-la-nina.jpg 800w, https:\/\/www.danubiobebe.com\/blog\/wp-content\/uploads\/2020\/12\/silla-juguete-clasica-azul-marino-la-nina-150x150.jpg 150w, https:\/\/www.danubiobebe.com\/blog\/wp-content\/uploads\/2020\/12\/silla-juguete-clasica-azul-marino-la-nina-300x300.jpg 300w, https:\/\/www.danubiobebe.com\/blog\/wp-content\/uploads\/2020\/12\/silla-juguete-clasica-azul-marino-la-nina-768x768.jpg 768w\" sizes=\"auto, (max-width: 800px) 100vw, 800px\" \/><\/a><\/p>\n<p>Desde <a href=\"https:\/\/www.danubiobebe.com\/es\/\"><strong>Danubio Beb\u00e9<\/strong><\/a> esperamos que os sirvan estas ideas y que las apunt\u00e9is en la carta de los Reyes Magos. Pod\u00e9is visitar nuestras tiendas f\u00edsicas de Danubio Beb\u00e9 tanto en <a href=\"https:\/\/www.google.com\/maps\/place\/Danubio+Bebe\/@36.433824,-6.14332,16z\/data=!4m5!3m4!1s0x0:0xa4c182b67fbd1d54!8m2!3d36.433824!4d-6.14332?hl=es-ES&amp;shorturl=1\"><strong>Chiclana<\/strong><\/a> como en <a href=\"https:\/\/www.google.com\/maps\/place\/Calle+Bergant%C3%ADn,+2,+11379+Los+Barrios,+C%C3%A1diz,+Espa%C3%B1a\/@36.17915,-5.445,16z\/data=!4m5!3m4!1s0xd0ceb0640af2911:0x59dbd6b94fc542aa!8m2!3d36.17915!4d-5.445?ll=36.17915,-5.445&amp;z=16&amp;t=m&amp;hl=es-ES&amp;gl=ES&amp;mapclient=embed&amp;q=Calle+Bergant%C3%ADn,+2+11379+Los+Barrios+C%C3%A1diz&amp;shorturl=1\"><strong>Los Barrios<\/strong><\/a> o encontrar todo nuestro <a href=\"https:\/\/www.danubiobebe.com\/es\/711-juguetes-20202021\"><strong>cat\u00e1logo<\/strong><\/a> en nuestra <a href=\"https:\/\/www.danubiobebe.com\/es\/\"><strong>tienda online<\/strong><\/a>.<\/p>\n","protected":false},"excerpt":{"rendered":"<p>Este a\u00f1o los peques son quienes mejor se han portado. Por eso, os traemos varias ideas para apuntar a su carta de los Reyes Magos.<\/p>\n","protected":false},"author":4,"featured_media":826,"comment_status":"open","ping_status":"open","sticky":false,"template":"","format":"standard","meta":{"footnotes":""},"categories":[3],"tags":[228,282,31,292],"class_list":["post-825","post","type-post","status-publish","format-standard","has-post-thumbnail","hentry","category-consejos","tag-juguetes","tag-navidad","tag-regalos","tag-reyes-magos"],"yoast_head":"<!-- This site is optimized with the Yoast SEO plugin v26.6 - https:\/\/yoast.com\/wordpress\/plugins\/seo\/ -->\n<title>Regalos Navidad 2020 para tu beb\u00e9 | Danubio Beb\u00e9<\/title>\n<meta name=\"description\" content=\"Desde Danubio Beb\u00e9, os traemos varias ideas de regalos que a\u00f1adir a la carta de los Reyes Magos y que seguro que les encantar\u00e1n a los m\u00e1s peque\u00f1os.\" \/>\n<meta name=\"robots\" content=\"index, follow, max-snippet:-1, max-image-preview:large, max-video-preview:-1\" \/>\n<link rel=\"canonical\" href=\"https:\/\/www.danubiobebe.com\/blog\/esta-navidad-se-lo-merecen-mas-nunca\/\" \/>\n<meta property=\"og:locale\" content=\"es_ES\" \/>\n<meta property=\"og:type\" content=\"article\" \/>\n<meta property=\"og:title\" content=\"Regalos Navidad 2020 para tu beb\u00e9 | Danubio Beb\u00e9\" \/>\n<meta property=\"og:description\" content=\"Desde Danubio Beb\u00e9, os traemos varias ideas de regalos que a\u00f1adir a la carta de los Reyes Magos y que seguro que les encantar\u00e1n a los m\u00e1s peque\u00f1os.\" \/>\n<meta property=\"og:url\" content=\"https:\/\/www.danubiobebe.com\/blog\/esta-navidad-se-lo-merecen-mas-nunca\/\" \/>\n<meta property=\"og:site_name\" content=\"Danubio blog\" \/>\n<meta property=\"article:publisher\" content=\"https:\/\/www.facebook.com\/danubio.bebe\/\" \/>\n<meta property=\"article:published_time\" content=\"2020-12-03T10:45:42+00:00\" \/>\n<meta property=\"article:modified_time\" content=\"2020-12-04T12:46:58+00:00\" \/>\n<meta property=\"og:image\" content=\"https:\/\/www.danubiobebe.com\/blog\/wp-content\/uploads\/2020\/12\/noticia_navidad.jpg\" \/>\n\t<meta property=\"og:image:width\" content=\"800\" \/>\n\t<meta property=\"og:image:height\" content=\"534\" \/>\n\t<meta property=\"og:image:type\" content=\"image\/jpeg\" \/>\n<meta name=\"author\" content=\"Danubio Beb\u00e9\" \/>\n<meta name=\"twitter:card\" content=\"summary_large_image\" \/>\n<meta name=\"twitter:creator\" content=\"@danubiobebe\" \/>\n<meta name=\"twitter:site\" content=\"@danubiobebe\" \/>\n<meta name=\"twitter:label1\" content=\"Escrito por\" \/>\n\t<meta name=\"twitter:data1\" content=\"Danubio Beb\u00e9\" \/>\n\t<meta name=\"twitter:label2\" content=\"Tiempo de lectura\" \/>\n\t<meta name=\"twitter:data2\" content=\"1 minuto\" \/>\n<script type=\"application\/ld+json\" class=\"yoast-schema-graph\">{\"@context\":\"https:\/\/schema.org\",\"@graph\":[{\"@type\":\"WebPage\",\"@id\":\"https:\/\/www.danubiobebe.com\/blog\/esta-navidad-se-lo-merecen-mas-nunca\/\",\"url\":\"https:\/\/www.danubiobebe.com\/blog\/esta-navidad-se-lo-merecen-mas-nunca\/\",\"name\":\"Regalos Navidad 2020 para tu beb\u00e9 | Danubio Beb\u00e9\",\"isPartOf\":{\"@id\":\"https:\/\/www.danubiobebe.com\/blog\/#website\"},\"primaryImageOfPage\":{\"@id\":\"https:\/\/www.danubiobebe.com\/blog\/esta-navidad-se-lo-merecen-mas-nunca\/#primaryimage\"},\"image\":{\"@id\":\"https:\/\/www.danubiobebe.com\/blog\/esta-navidad-se-lo-merecen-mas-nunca\/#primaryimage\"},\"thumbnailUrl\":\"https:\/\/www.danubiobebe.com\/blog\/wp-content\/uploads\/2020\/12\/noticia_navidad.jpg\",\"datePublished\":\"2020-12-03T10:45:42+00:00\",\"dateModified\":\"2020-12-04T12:46:58+00:00\",\"author\":{\"@id\":\"https:\/\/www.danubiobebe.com\/blog\/#\/schema\/person\/2783880c335e1e9639139bafa815ba50\"},\"description\":\"Desde Danubio Beb\u00e9, os traemos varias ideas de regalos que a\u00f1adir a la carta de los Reyes Magos y que seguro que les encantar\u00e1n a los m\u00e1s peque\u00f1os.\",\"breadcrumb\":{\"@id\":\"https:\/\/www.danubiobebe.com\/blog\/esta-navidad-se-lo-merecen-mas-nunca\/#breadcrumb\"},\"inLanguage\":\"es\",\"potentialAction\":[{\"@type\":\"ReadAction\",\"target\":[\"https:\/\/www.danubiobebe.com\/blog\/esta-navidad-se-lo-merecen-mas-nunca\/\"]}]},{\"@type\":\"ImageObject\",\"inLanguage\":\"es\",\"@id\":\"https:\/\/www.danubiobebe.com\/blog\/esta-navidad-se-lo-merecen-mas-nunca\/#primaryimage\",\"url\":\"https:\/\/www.danubiobebe.com\/blog\/wp-content\/uploads\/2020\/12\/noticia_navidad.jpg\",\"contentUrl\":\"https:\/\/www.danubiobebe.com\/blog\/wp-content\/uploads\/2020\/12\/noticia_navidad.jpg\",\"width\":800,\"height\":534,\"caption\":\"Esta Navidad se lo merecen m\u00e1s que nunca\"},{\"@type\":\"BreadcrumbList\",\"@id\":\"https:\/\/www.danubiobebe.com\/blog\/esta-navidad-se-lo-merecen-mas-nunca\/#breadcrumb\",\"itemListElement\":[{\"@type\":\"ListItem\",\"position\":1,\"name\":\"Portada\",\"item\":\"https:\/\/www.danubiobebe.com\/blog\/\"},{\"@type\":\"ListItem\",\"position\":2,\"name\":\"Esta Navidad se lo merecen m\u00e1s que nunca\"}]},{\"@type\":\"WebSite\",\"@id\":\"https:\/\/www.danubiobebe.com\/blog\/#website\",\"url\":\"https:\/\/www.danubiobebe.com\/blog\/\",\"name\":\"Danubio blog\",\"description\":\"Toda la actualidad en el mundo del beb\u00e9\",\"potentialAction\":[{\"@type\":\"SearchAction\",\"target\":{\"@type\":\"EntryPoint\",\"urlTemplate\":\"https:\/\/www.danubiobebe.com\/blog\/?s={search_term_string}\"},\"query-input\":{\"@type\":\"PropertyValueSpecification\",\"valueRequired\":true,\"valueName\":\"search_term_string\"}}],\"inLanguage\":\"es\"},{\"@type\":\"Person\",\"@id\":\"https:\/\/www.danubiobebe.com\/blog\/#\/schema\/person\/2783880c335e1e9639139bafa815ba50\",\"name\":\"Danubio Beb\u00e9\",\"url\":\"https:\/\/www.danubiobebe.com\/blog\/author\/chari\/\"}]}<\/script>\n<!-- \/ Yoast SEO plugin. -->","yoast_head_json":{"title":"Regalos Navidad 2020 para tu beb\u00e9 | Danubio Beb\u00e9","description":"Desde Danubio Beb\u00e9, os traemos varias ideas de regalos que a\u00f1adir a la carta de los Reyes Magos y que seguro que les encantar\u00e1n a los m\u00e1s peque\u00f1os.","robots":{"index":"index","follow":"follow","max-snippet":"max-snippet:-1","max-image-preview":"max-image-preview:large","max-video-preview":"max-video-preview:-1"},"canonical":"https:\/\/www.danubiobebe.com\/blog\/esta-navidad-se-lo-merecen-mas-nunca\/","og_locale":"es_ES","og_type":"article","og_title":"Regalos Navidad 2020 para tu beb\u00e9 | Danubio Beb\u00e9","og_description":"Desde Danubio Beb\u00e9, os traemos varias ideas de regalos que a\u00f1adir a la carta de los Reyes Magos y que seguro que les encantar\u00e1n a los m\u00e1s peque\u00f1os.","og_url":"https:\/\/www.danubiobebe.com\/blog\/esta-navidad-se-lo-merecen-mas-nunca\/","og_site_name":"Danubio blog","article_publisher":"https:\/\/www.facebook.com\/danubio.bebe\/","article_published_time":"2020-12-03T10:45:42+00:00","article_modified_time":"2020-12-04T12:46:58+00:00","og_image":[{"width":800,"height":534,"url":"https:\/\/www.danubiobebe.com\/blog\/wp-content\/uploads\/2020\/12\/noticia_navidad.jpg","type":"image\/jpeg"}],"author":"Danubio Beb\u00e9","twitter_card":"summary_large_image","twitter_creator":"@danubiobebe","twitter_site":"@danubiobebe","twitter_misc":{"Escrito por":"Danubio Beb\u00e9","Tiempo de lectura":"1 minuto"},"schema":{"@context":"https:\/\/schema.org","@graph":[{"@type":"WebPage","@id":"https:\/\/www.danubiobebe.com\/blog\/esta-navidad-se-lo-merecen-mas-nunca\/","url":"https:\/\/www.danubiobebe.com\/blog\/esta-navidad-se-lo-merecen-mas-nunca\/","name":"Regalos Navidad 2020 para tu beb\u00e9 | Danubio Beb\u00e9","isPartOf":{"@id":"https:\/\/www.danubiobebe.com\/blog\/#website"},"primaryImageOfPage":{"@id":"https:\/\/www.danubiobebe.com\/blog\/esta-navidad-se-lo-merecen-mas-nunca\/#primaryimage"},"image":{"@id":"https:\/\/www.danubiobebe.com\/blog\/esta-navidad-se-lo-merecen-mas-nunca\/#primaryimage"},"thumbnailUrl":"https:\/\/www.danubiobebe.com\/blog\/wp-content\/uploads\/2020\/12\/noticia_navidad.jpg","datePublished":"2020-12-03T10:45:42+00:00","dateModified":"2020-12-04T12:46:58+00:00","author":{"@id":"https:\/\/www.danubiobebe.com\/blog\/#\/schema\/person\/2783880c335e1e9639139bafa815ba50"},"description":"Desde Danubio Beb\u00e9, os traemos varias ideas de regalos que a\u00f1adir a la carta de los Reyes Magos y que seguro que les encantar\u00e1n a los m\u00e1s peque\u00f1os.","breadcrumb":{"@id":"https:\/\/www.danubiobebe.com\/blog\/esta-navidad-se-lo-merecen-mas-nunca\/#breadcrumb"},"inLanguage":"es","potentialAction":[{"@type":"ReadAction","target":["https:\/\/www.danubiobebe.com\/blog\/esta-navidad-se-lo-merecen-mas-nunca\/"]}]},{"@type":"ImageObject","inLanguage":"es","@id":"https:\/\/www.danubiobebe.com\/blog\/esta-navidad-se-lo-merecen-mas-nunca\/#primaryimage","url":"https:\/\/www.danubiobebe.com\/blog\/wp-content\/uploads\/2020\/12\/noticia_navidad.jpg","contentUrl":"https:\/\/www.danubiobebe.com\/blog\/wp-content\/uploads\/2020\/12\/noticia_navidad.jpg","width":800,"height":534,"caption":"Esta Navidad se lo merecen m\u00e1s que nunca"},{"@type":"BreadcrumbList","@id":"https:\/\/www.danubiobebe.com\/blog\/esta-navidad-se-lo-merecen-mas-nunca\/#breadcrumb","itemListElement":[{"@type":"ListItem","position":1,"name":"Portada","item":"https:\/\/www.danubiobebe.com\/blog\/"},{"@type":"ListItem","position":2,"name":"Esta Navidad se lo merecen m\u00e1s que nunca"}]},{"@type":"WebSite","@id":"https:\/\/www.danubiobebe.com\/blog\/#website","url":"https:\/\/www.danubiobebe.com\/blog\/","name":"Danubio blog","description":"Toda la actualidad en el mundo del beb\u00e9","potentialAction":[{"@type":"SearchAction","target":{"@type":"EntryPoint","urlTemplate":"https:\/\/www.danubiobebe.com\/blog\/?s={search_term_string}"},"query-input":{"@type":"PropertyValueSpecification","valueRequired":true,"valueName":"search_term_string"}}],"inLanguage":"es"},{"@type":"Person","@id":"https:\/\/www.danubiobebe.com\/blog\/#\/schema\/person\/2783880c335e1e9639139bafa815ba50","name":"Danubio Beb\u00e9","url":"https:\/\/www.danubiobebe.com\/blog\/author\/chari\/"}]}},"_links":{"self":[{"href":"https:\/\/www.danubiobebe.com\/blog\/wp-json\/wp\/v2\/posts\/825","targetHints":{"allow":["GET"]}}],"collection":[{"href":"https:\/\/www.danubiobebe.com\/blog\/wp-json\/wp\/v2\/posts"}],"about":[{"href":"https:\/\/www.danubiobebe.com\/blog\/wp-json\/wp\/v2\/types\/post"}],"author":[{"embeddable":true,"href":"https:\/\/www.danubiobebe.com\/blog\/wp-json\/wp\/v2\/users\/4"}],"replies":[{"embeddable":true,"href":"https:\/\/www.danubiobebe.com\/blog\/wp-json\/wp\/v2\/comments?post=825"}],"version-history":[{"count":6,"href":"https:\/\/www.danubiobebe.com\/blog\/wp-json\/wp\/v2\/posts\/825\/revisions"}],"predecessor-version":[{"id":857,"href":"https:\/\/www.danubiobebe.com\/blog\/wp-json\/wp\/v2\/posts\/825\/revisions\/857"}],"wp:featuredmedia":[{"embeddable":true,"href":"https:\/\/www.danubiobebe.com\/blog\/wp-json\/wp\/v2\/media\/826"}],"wp:attachment":[{"href":"https:\/\/www.danubiobebe.com\/blog\/wp-json\/wp\/v2\/media?parent=825"}],"wp:term":[{"taxonomy":"category","embeddable":true,"href":"https:\/\/www.danubiobebe.com\/blog\/wp-json\/wp\/v2\/categories?post=825"},{"taxonomy":"post_tag","embeddable":true,"href":"https:\/\/www.danubiobebe.com\/blog\/wp-json\/wp\/v2\/tags?post=825"}],"curies":[{"name":"wp","href":"https:\/\/api.w.org\/{rel}","templated":true}]}}