{"id":392,"date":"2018-09-07T12:11:56","date_gmt":"2018-09-07T12:11:56","guid":{"rendered":"https:\/\/www.danubiobebe.com\/blog\/?p=392"},"modified":"2018-09-07T12:12:50","modified_gmt":"2018-09-07T12:12:50","slug":"hora-del-bano","status":"publish","type":"post","link":"https:\/\/www.danubiobebe.com\/blog\/hora-del-bano\/","title":{"rendered":"\u00a1Hora del ba\u00f1o!"},"content":{"rendered":"<p>Hoy, desde Danubio Beb\u00e9, queremos hablaros sobre el <strong>ba\u00f1o<\/strong>, sobre todas las cositas que nuestro peque\u00f1@s necesitan y las etapas por las que los beb\u00e9 pasan, en cuanto a la higiene se refiere.<\/p>\n<p>Desde el nacimiento, los beb\u00e9s necesitan una serie de cuidados, al igual que siempre debemos tener en casa diferentes productos muy recomendables para la evoluci\u00f3n de los peques en este \u00e1mbito.<\/p>\n<p>La <strong>higiene<\/strong> es muy importante, aunque debemos saber que no hay que abusar de ella en los reci\u00e9n nacidos. El ba\u00f1o les aporta muchos beneficios, pero no es necesario hacerlo a diario cuando son tan peque\u00f1os, ya que podr\u00eda debilitar su sistema inmune. Al principio, con hacerlo en d\u00edas alternos, es suficiente.<\/p>\n<p>Para que lo hag\u00e1is c\u00f3modamente, en Danubio Beb\u00e9 os recomendamos algunas ba\u00f1eras.<\/p>\n<p>La <a href=\"https:\/\/www.danubiobebe.com\/es\/baneras\/322-banera-cambio-cam.html\" target=\"_blank\" rel=\"noopener noreferrer\"><strong>Ba\u00f1era cambio de CAM<\/strong><\/a> es ideal para guardar en espacios peque\u00f1os, ya que tiene un plegado muy compacto con un solo movimiento, es antideslizante, tiene ruedas para poder moverla f\u00e1cilmente y su cubeta es muy ergon\u00f3mica. Adem\u00e1s de ser tambi\u00e9n, un pr\u00e1ctico y c\u00f3modo cambiador.<\/p>\n<p><a href=\"https:\/\/www.danubiobebe.com\/es\/baneras\/322-banera-cambio-cam.html\"><img loading=\"lazy\" decoding=\"async\" class=\"alignnone wp-image-394 size-large\" src=\"https:\/\/www.danubiobebe.com\/blog\/wp-content\/uploads\/2018\/09\/ban\u0303o-cambio-cam-1024x683.png\" alt=\"\u00a1Hora del ba\u00f1o!\" width=\"770\" height=\"514\" srcset=\"https:\/\/www.danubiobebe.com\/blog\/wp-content\/uploads\/2018\/09\/ban\u0303o-cambio-cam-1024x683.png 1024w, https:\/\/www.danubiobebe.com\/blog\/wp-content\/uploads\/2018\/09\/ban\u0303o-cambio-cam-300x200.png 300w, https:\/\/www.danubiobebe.com\/blog\/wp-content\/uploads\/2018\/09\/ban\u0303o-cambio-cam-768x512.png 768w, https:\/\/www.danubiobebe.com\/blog\/wp-content\/uploads\/2018\/09\/ban\u0303o-cambio-cam.png 1200w\" sizes=\"auto, (max-width: 770px) 100vw, 770px\" \/><\/a><\/p>\n<p><a href=\"https:\/\/www.danubiobebe.com\/es\/baneras\/324-banera-857-bide-king-baby.html#\/1163-color-estrella_fondo_gris\" target=\"_blank\" rel=\"noopener noreferrer\"><strong>La Ba\u00f1era 857 de King Baby<\/strong><\/a> es una ba\u00f1era cambiador s\u00faper ligera y resistente. Tiene un plegado muy compacto y una cubeta ergon\u00f3mica.<\/p>\n<p><a href=\"https:\/\/www.danubiobebe.com\/es\/baneras\/324-banera-857-bide-king-baby.html#\/1163-color-estrella_fondo_gris\"><img loading=\"lazy\" decoding=\"async\" class=\"alignnone wp-image-396 size-large\" src=\"https:\/\/www.danubiobebe.com\/blog\/wp-content\/uploads\/2018\/09\/ban\u0303era-857-king-baby-1024x683.png\" alt=\"\u00a1Hora del ba\u00f1o!\" width=\"770\" height=\"514\" srcset=\"https:\/\/www.danubiobebe.com\/blog\/wp-content\/uploads\/2018\/09\/ban\u0303era-857-king-baby-1024x683.png 1024w, https:\/\/www.danubiobebe.com\/blog\/wp-content\/uploads\/2018\/09\/ban\u0303era-857-king-baby-300x200.png 300w, https:\/\/www.danubiobebe.com\/blog\/wp-content\/uploads\/2018\/09\/ban\u0303era-857-king-baby-768x512.png 768w, https:\/\/www.danubiobebe.com\/blog\/wp-content\/uploads\/2018\/09\/ban\u0303era-857-king-baby.png 1200w\" sizes=\"auto, (max-width: 770px) 100vw, 770px\" \/><\/a><\/p>\n<p>Otra opci\u00f3n es la<a href=\"https:\/\/www.danubiobebe.com\/es\/baneras\/334-cubeta-anatomicasoporte-827-king-baby.html\" target=\"_blank\" rel=\"noopener noreferrer\"><strong> Cubeta Anat\u00f3mica + soporte King Baby<\/strong><\/a>. Esta es perfecta para los espacios reducidos. La cubeta es muy amplia, espaciosa y anat\u00f3mica, por lo que podremos ba\u00f1ar al beb\u00e9 c\u00f3modamente. Tiene adem\u00e1s, 5 alojamientos donde poder colocar las cositas m\u00e1s necesarias durante el ba\u00f1o y sus patas son plegables, para poder guardarla f\u00e1cilmente. Para mayor comodidad, incluye tambi\u00e9n el tubo de desag\u00fce.<\/p>\n<p><a href=\"https:\/\/www.danubiobebe.com\/es\/baneras\/334-cubeta-anatomicasoporte-827-king-baby.html\"><img loading=\"lazy\" decoding=\"async\" class=\"alignnone wp-image-397 size-large\" src=\"https:\/\/www.danubiobebe.com\/blog\/wp-content\/uploads\/2018\/09\/cubeta-anatomica-soporte-king-baby-1024x683.png\" alt=\"\u00a1Hora del ba\u00f1o!\" width=\"770\" height=\"514\" srcset=\"https:\/\/www.danubiobebe.com\/blog\/wp-content\/uploads\/2018\/09\/cubeta-anatomica-soporte-king-baby-1024x683.png 1024w, https:\/\/www.danubiobebe.com\/blog\/wp-content\/uploads\/2018\/09\/cubeta-anatomica-soporte-king-baby-300x200.png 300w, https:\/\/www.danubiobebe.com\/blog\/wp-content\/uploads\/2018\/09\/cubeta-anatomica-soporte-king-baby-768x512.png 768w, https:\/\/www.danubiobebe.com\/blog\/wp-content\/uploads\/2018\/09\/cubeta-anatomica-soporte-king-baby.png 1200w\" sizes=\"auto, (max-width: 770px) 100vw, 770px\" \/><\/a><\/p>\n<p>Cuando nuestros peque\u00f1os van creciendo, vamos cambiando tambi\u00e9n la forma en la que los ba\u00f1amos, evolucionando con ellos.<\/p>\n<p><a href=\"https:\/\/www.danubiobebe.com\/es\/higiene\/338-reductor-para-banera-babydam-5060194150139.html\" target=\"_blank\" rel=\"noopener noreferrer\"><strong>El Reductor para ba\u00f1eras BabyDam<\/strong><\/a> se utiliza como barrera y presa para la ba\u00f1era, convirtiendo el espacio seleccionado en una peque\u00f1a y c\u00f3moda ba\u00f1era para el beb\u00e9, sin desperdiciar as\u00ed, el resto de agua que har\u00eda falta para llenar la ba\u00f1era entera.<\/p>\n<p><a href=\"https:\/\/www.danubiobebe.com\/es\/higiene\/338-reductor-para-banera-babydam-5060194150139.html\"><img loading=\"lazy\" decoding=\"async\" class=\"alignnone wp-image-398 size-large\" src=\"https:\/\/www.danubiobebe.com\/blog\/wp-content\/uploads\/2018\/09\/recuctor-ban\u0303era-babydam-1024x683.png\" alt=\"\u00a1Hora del ba\u00f1o!\" width=\"770\" height=\"514\" srcset=\"https:\/\/www.danubiobebe.com\/blog\/wp-content\/uploads\/2018\/09\/recuctor-ban\u0303era-babydam-1024x683.png 1024w, https:\/\/www.danubiobebe.com\/blog\/wp-content\/uploads\/2018\/09\/recuctor-ban\u0303era-babydam-300x200.png 300w, https:\/\/www.danubiobebe.com\/blog\/wp-content\/uploads\/2018\/09\/recuctor-ban\u0303era-babydam-768x512.png 768w, https:\/\/www.danubiobebe.com\/blog\/wp-content\/uploads\/2018\/09\/recuctor-ban\u0303era-babydam.png 1200w\" sizes=\"auto, (max-width: 770px) 100vw, 770px\" \/><\/a><\/p>\n<p>El <a href=\"https:\/\/www.danubiobebe.com\/es\/bano\/687-soporte-de-bano-evolutivo-aqua-jane.html\" target=\"_blank\" rel=\"noopener noreferrer\"><strong>soporte de ba\u00f1o evolutivo Aqua de Jan\u00e9<\/strong><\/a>, tambi\u00e9n es muy pr\u00e1ctico. Es 2 en 1, ya que es hamaca y silla para el ba\u00f1o. En funci\u00f3n de la edad del ni\u00f1o su uso ser\u00e1 de hamaquita para los primeros meses y silla de ba\u00f1o en cuanto el beb\u00e9 crezca. Es evolutiva y convertible de forma f\u00e1cil, r\u00e1pida y c\u00f3moda. Adem\u00e1s, est\u00e1 dise\u00f1ada con el respaldo y asiento antideslizante, para la seguridad de los peque\u00f1os.<\/p>\n<p><a href=\"https:\/\/www.danubiobebe.com\/es\/bano\/687-soporte-de-bano-evolutivo-aqua-jane.html\"><img loading=\"lazy\" decoding=\"async\" class=\"alignnone wp-image-399 size-large\" src=\"https:\/\/www.danubiobebe.com\/blog\/wp-content\/uploads\/2018\/09\/soporte-ban\u0303o-evolutivo-jane-1024x683.png\" alt=\"\u00a1Hora del ba\u00f1o!\" width=\"770\" height=\"514\" srcset=\"https:\/\/www.danubiobebe.com\/blog\/wp-content\/uploads\/2018\/09\/soporte-ban\u0303o-evolutivo-jane-1024x683.png 1024w, https:\/\/www.danubiobebe.com\/blog\/wp-content\/uploads\/2018\/09\/soporte-ban\u0303o-evolutivo-jane-300x200.png 300w, https:\/\/www.danubiobebe.com\/blog\/wp-content\/uploads\/2018\/09\/soporte-ban\u0303o-evolutivo-jane-768x512.png 768w, https:\/\/www.danubiobebe.com\/blog\/wp-content\/uploads\/2018\/09\/soporte-ban\u0303o-evolutivo-jane.png 1200w\" sizes=\"auto, (max-width: 770px) 100vw, 770px\" \/><\/a><\/p>\n<p>La <a href=\"https:\/\/www.danubiobebe.com\/es\/baneras\/331-cubeta-plegable-fold-ms.html\" target=\"_blank\" rel=\"noopener noreferrer\"><strong>cubeta plegable Fold de M.S<\/strong><\/a> es perfecta para darle un ba\u00f1o a tu peque\u00f1@ y ser utilizada, tanto dentro como fuera de la ba\u00f1era. Esta c\u00f3moda ba\u00f1erita ocupa muy poco espacio y tiene un plegado compacto y muy sencillo, simplemente haciendo presi\u00f3n sobre ella con la mano. Adem\u00e1s al ser tan compacta se guarda f\u00e1cilmente. Puedes utilizarla tanto dentro como fuera de la ba\u00f1era y cuenta con un asa de transporte.<\/p>\n<p><a href=\"https:\/\/www.danubiobebe.com\/es\/baneras\/331-cubeta-plegable-fold-ms.html\"><img loading=\"lazy\" decoding=\"async\" class=\"alignnone wp-image-400 size-large\" src=\"https:\/\/www.danubiobebe.com\/blog\/wp-content\/uploads\/2018\/09\/cubeta-plegable-fold-1024x683.png\" alt=\"\u00a1Hora del ba\u00f1o!\" width=\"770\" height=\"514\" srcset=\"https:\/\/www.danubiobebe.com\/blog\/wp-content\/uploads\/2018\/09\/cubeta-plegable-fold-1024x683.png 1024w, https:\/\/www.danubiobebe.com\/blog\/wp-content\/uploads\/2018\/09\/cubeta-plegable-fold-300x200.png 300w, https:\/\/www.danubiobebe.com\/blog\/wp-content\/uploads\/2018\/09\/cubeta-plegable-fold-768x512.png 768w, https:\/\/www.danubiobebe.com\/blog\/wp-content\/uploads\/2018\/09\/cubeta-plegable-fold.png 1200w\" sizes=\"auto, (max-width: 770px) 100vw, 770px\" \/><\/a><\/p>\n<p>Si en casa no cuentas con ba\u00f1era y por el contrario tienes placa de ducha, ya no es problema. Con la <a href=\"https:\/\/www.danubiobebe.com\/es\/baneras\/521-cubeta-asiento-ducha-opla-bebedue-8008577688135.html\" target=\"_blank\" rel=\"noopener noreferrer\"><strong>cubeta asiento de ducha Opla de Bebedue<\/strong><\/a> podr\u00e1s ba\u00f1ar a tu peque\u00f1o en la ducha. Pueden hacer uso de ella desde los 6 hasta los 15 meses. Tiene un asiento amplio para que tu hij@ est\u00e9 c\u00f3modo durante la hora del ba\u00f1o. Cuenta tambi\u00e9n con un tap\u00f3n de rosca, dise\u00f1ado para facilitar el r\u00e1pido vaciado de la cubeta.<\/p>\n<p><a href=\"https:\/\/www.danubiobebe.com\/es\/baneras\/521-cubeta-asiento-ducha-opla-bebedue-8008577688135.html\"><img loading=\"lazy\" decoding=\"async\" class=\"alignnone wp-image-401 size-large\" src=\"https:\/\/www.danubiobebe.com\/blog\/wp-content\/uploads\/2018\/09\/cubeta-asiento-ducha-opla-bebedue-1024x683.png\" alt=\"\u00a1Hora del ba\u00f1o!\" width=\"770\" height=\"514\" srcset=\"https:\/\/www.danubiobebe.com\/blog\/wp-content\/uploads\/2018\/09\/cubeta-asiento-ducha-opla-bebedue-1024x683.png 1024w, https:\/\/www.danubiobebe.com\/blog\/wp-content\/uploads\/2018\/09\/cubeta-asiento-ducha-opla-bebedue-300x200.png 300w, https:\/\/www.danubiobebe.com\/blog\/wp-content\/uploads\/2018\/09\/cubeta-asiento-ducha-opla-bebedue-768x512.png 768w, https:\/\/www.danubiobebe.com\/blog\/wp-content\/uploads\/2018\/09\/cubeta-asiento-ducha-opla-bebedue.png 1200w\" sizes=\"auto, (max-width: 770px) 100vw, 770px\" \/><\/a><\/p>\n<p>Para que nuestros peque\u00f1@s se diviertan a\u00fan m\u00e1s en la hora del ba\u00f1o podemos utilizar la <a href=\"https:\/\/www.danubiobebe.com\/es\/peluches-sonajeros-y-mordedores\/112-red-de-bano-con-juguetes-jane-8420421003855.html\" target=\"_blank\" rel=\"noopener noreferrer\"><strong>red de ba\u00f1o con juguetes de Jan\u00e9.<\/strong> <\/a>Este set contiene 2 juguetes con ventosa para poder sujetar la red, dos animales con efecto fuente y tres animalitos m\u00e1s flotantes. Perfecto para su entretenimiento.<\/p>\n<p><a href=\"https:\/\/www.danubiobebe.com\/es\/peluches-sonajeros-y-mordedores\/112-red-de-bano-con-juguetes-jane-8420421003855.html\"><img loading=\"lazy\" decoding=\"async\" class=\"alignnone wp-image-402 size-large\" src=\"https:\/\/www.danubiobebe.com\/blog\/wp-content\/uploads\/2018\/09\/red-ban\u0303o-con-juguete-jane-1024x683.png\" alt=\"\u00a1Hora del ba\u00f1o!\" width=\"770\" height=\"514\" srcset=\"https:\/\/www.danubiobebe.com\/blog\/wp-content\/uploads\/2018\/09\/red-ban\u0303o-con-juguete-jane-1024x683.png 1024w, https:\/\/www.danubiobebe.com\/blog\/wp-content\/uploads\/2018\/09\/red-ban\u0303o-con-juguete-jane-300x200.png 300w, https:\/\/www.danubiobebe.com\/blog\/wp-content\/uploads\/2018\/09\/red-ban\u0303o-con-juguete-jane-768x512.png 768w, https:\/\/www.danubiobebe.com\/blog\/wp-content\/uploads\/2018\/09\/red-ban\u0303o-con-juguete-jane.png 1200w\" sizes=\"auto, (max-width: 770px) 100vw, 770px\" \/><\/a><\/p>\n<p>Si tu hij@ empieza a dejar los pa\u00f1ales y est\u00e1is en esa \u00e9poca de transici\u00f3n, desde Danubio Beb\u00e9 os recomendamos varios orinales para las diferentes etapas de ese bonito cambio.<\/p>\n<p>El <a href=\"https:\/\/www.danubiobebe.com\/es\/orinales\/435-orinal-3-en-1-warner-ms-4893351066100.html\" target=\"_blank\" rel=\"noopener noreferrer\"><strong>orinal 3 en 1 Warner de M.S<\/strong> <\/a>es original, divertido y muy pr\u00e1ctico. Tiene asa ergon\u00f3mica hacia delante para que el ni\u00f1o se pueda agarrar. Se convierte, tambi\u00e9n, en reductor de wc con agarrador y gracias al alzador el ni\u00f1o puede sentarse solo en la taza con facilidad. Taza f\u00e1cilmente desmontable para poder limpiar.<\/p>\n<p><a href=\"https:\/\/www.danubiobebe.com\/es\/orinales\/435-orinal-3-en-1-warner-ms-4893351066100.html\"><img loading=\"lazy\" decoding=\"async\" class=\"alignnone wp-image-403 size-large\" src=\"https:\/\/www.danubiobebe.com\/blog\/wp-content\/uploads\/2018\/09\/orinal-3-en-1-warner-1024x683.png\" alt=\"\u00a1Hora del ba\u00f1o!\" width=\"770\" height=\"514\" srcset=\"https:\/\/www.danubiobebe.com\/blog\/wp-content\/uploads\/2018\/09\/orinal-3-en-1-warner-1024x683.png 1024w, https:\/\/www.danubiobebe.com\/blog\/wp-content\/uploads\/2018\/09\/orinal-3-en-1-warner-300x200.png 300w, https:\/\/www.danubiobebe.com\/blog\/wp-content\/uploads\/2018\/09\/orinal-3-en-1-warner-768x512.png 768w, https:\/\/www.danubiobebe.com\/blog\/wp-content\/uploads\/2018\/09\/orinal-3-en-1-warner.png 1200w\" sizes=\"auto, (max-width: 770px) 100vw, 770px\" \/><\/a><\/p>\n<p>Otro <a href=\"https:\/\/www.danubiobebe.com\/es\/orinales\/1061-orinal-3-en-1-con-tapa-jane-8420421039496.html\" target=\"_blank\" rel=\"noopener noreferrer\"><strong>orinal 3 en 1 muy pr\u00e1ctico es el orinal con tapa de Jan\u00e9<\/strong><\/a>. \u00c9ste hace la funci\u00f3n de orinal, reductor blando con asas y elevador. Con sensor de l\u00edquidos que activa la m\u00fasica cuando el ni\u00f1o hace pis para premiarle de su buen uso. Se compone de varias piezas: dep\u00f3sito o cubeta extra\u00edble para facilitar su limpieza, taza reductora acolchada muy confortable, tapadera que envuelve tambi\u00e9n la taza, con asas para fijarla al WC de casa y elevador o reposapi\u00e9s con base antideslizante y dos piececitos.<\/p>\n<p><a href=\"https:\/\/www.danubiobebe.com\/es\/orinales\/1061-orinal-3-en-1-con-tapa-jane-8420421039496.html\"><img loading=\"lazy\" decoding=\"async\" class=\"alignnone wp-image-404 size-large\" src=\"https:\/\/www.danubiobebe.com\/blog\/wp-content\/uploads\/2018\/09\/orinal-con-tapa-3-en-1-jane-1024x683.png\" alt=\"\u00a1Hora del ba\u00f1o!\" width=\"770\" height=\"514\" srcset=\"https:\/\/www.danubiobebe.com\/blog\/wp-content\/uploads\/2018\/09\/orinal-con-tapa-3-en-1-jane-1024x683.png 1024w, https:\/\/www.danubiobebe.com\/blog\/wp-content\/uploads\/2018\/09\/orinal-con-tapa-3-en-1-jane-300x200.png 300w, https:\/\/www.danubiobebe.com\/blog\/wp-content\/uploads\/2018\/09\/orinal-con-tapa-3-en-1-jane-768x512.png 768w, https:\/\/www.danubiobebe.com\/blog\/wp-content\/uploads\/2018\/09\/orinal-con-tapa-3-en-1-jane.png 1200w\" sizes=\"auto, (max-width: 770px) 100vw, 770px\" \/><\/a><\/p>\n<p>El <a href=\"https:\/\/www.danubiobebe.com\/es\/orinales\/436-pottete-plus-2-en-1-saro.html\" target=\"_blank\" rel=\"noopener noreferrer\"><strong>orinal Pottete Plus 2 en 1 de Saro<\/strong><\/a> es el orinal perfecto para utilizar en casa y de viaje. Es muy colorido y divertido y est\u00e1 dise\u00f1ado para adaptarse a todos los WC est\u00e1ndares. Incluye 3 bolsas con revestimiento interior y bolsa de almacenaje.<\/p>\n<p><a href=\"https:\/\/www.danubiobebe.com\/es\/orinales\/436-pottete-plus-2-en-1-saro.html\"><img loading=\"lazy\" decoding=\"async\" class=\"alignnone wp-image-405 size-large\" src=\"https:\/\/www.danubiobebe.com\/blog\/wp-content\/uploads\/2018\/09\/pottete-plus-2-en-1-saro-1024x683.png\" alt=\"\u00a1Hora del ba\u00f1o!\" width=\"770\" height=\"514\" srcset=\"https:\/\/www.danubiobebe.com\/blog\/wp-content\/uploads\/2018\/09\/pottete-plus-2-en-1-saro-1024x683.png 1024w, https:\/\/www.danubiobebe.com\/blog\/wp-content\/uploads\/2018\/09\/pottete-plus-2-en-1-saro-300x200.png 300w, https:\/\/www.danubiobebe.com\/blog\/wp-content\/uploads\/2018\/09\/pottete-plus-2-en-1-saro-768x512.png 768w, https:\/\/www.danubiobebe.com\/blog\/wp-content\/uploads\/2018\/09\/pottete-plus-2-en-1-saro.png 1200w\" sizes=\"auto, (max-width: 770px) 100vw, 770px\" \/><\/a><\/p>\n<p><a href=\"https:\/\/www.danubiobebe.com\/es\/higiene\/1147-orinal-deluxe-mickey-azul-plastimyr.html\" target=\"_blank\" rel=\"noopener noreferrer\"><strong>El orinal Deluxe Mickey de Plastimyr<\/strong><\/a> tiene un dise\u00f1o muy funcional y divertido, ya que est\u00e1 decorado con uno de los personajes favoritos de los m\u00e1s peque\u00f1@s. Es muy c\u00f3modo y seguro. Adem\u00e1s, el respaldo alto ayuda a mantener al ni\u00f1o y les permite sentarse c\u00f3modamente.<\/p>\n<p><a href=\"https:\/\/www.danubiobebe.com\/es\/higiene\/1147-orinal-deluxe-mickey-azul-plastimyr.html\"><img loading=\"lazy\" decoding=\"async\" class=\"alignnone wp-image-406 size-large\" src=\"https:\/\/www.danubiobebe.com\/blog\/wp-content\/uploads\/2018\/09\/orinal-deluxe-mickey-plastimyr-1024x683.png\" alt=\"\u00a1Hora del ba\u00f1o!\" width=\"770\" height=\"514\" srcset=\"https:\/\/www.danubiobebe.com\/blog\/wp-content\/uploads\/2018\/09\/orinal-deluxe-mickey-plastimyr-1024x683.png 1024w, https:\/\/www.danubiobebe.com\/blog\/wp-content\/uploads\/2018\/09\/orinal-deluxe-mickey-plastimyr-300x200.png 300w, https:\/\/www.danubiobebe.com\/blog\/wp-content\/uploads\/2018\/09\/orinal-deluxe-mickey-plastimyr-768x512.png 768w, https:\/\/www.danubiobebe.com\/blog\/wp-content\/uploads\/2018\/09\/orinal-deluxe-mickey-plastimyr.png 1200w\" sizes=\"auto, (max-width: 770px) 100vw, 770px\" \/><\/a><\/p>\n<p>Si en vez del orinal, ya utilizan el wc de casa, pero no llegan con facilidad a este, desde Danubio Beb\u00e9 os recomendamos la <a href=\"https:\/\/www.danubiobebe.com\/es\/bano\/432-tarima-de-bano-bebedue-8430058601157.html\" target=\"_blank\" rel=\"noopener noreferrer\"><strong>Tarima de ba\u00f1o de Bebedue<\/strong><\/a>, pensada para elevar la altura del ni\u00f1o. Tiene base antideslizante para evitar sustos innecesarios. Adem\u00e1s, ayuda al ni\u00f1o a desarrollar su autonom\u00eda ya que podr\u00e1 llegar al lavabo y al inodoro sin ayuda de un adulto, pero siempre bajo su supervisi\u00f3n.<\/p>\n<p><a href=\"https:\/\/www.danubiobebe.com\/es\/bano\/432-tarima-de-bano-bebedue-8430058601157.html\"><img loading=\"lazy\" decoding=\"async\" class=\"alignnone wp-image-407 size-large\" src=\"https:\/\/www.danubiobebe.com\/blog\/wp-content\/uploads\/2018\/09\/tarima-ban\u0303o-bebedue-1024x683.png\" alt=\"\u00a1Hora del ba\u00f1o!\" width=\"770\" height=\"514\" srcset=\"https:\/\/www.danubiobebe.com\/blog\/wp-content\/uploads\/2018\/09\/tarima-ban\u0303o-bebedue-1024x683.png 1024w, https:\/\/www.danubiobebe.com\/blog\/wp-content\/uploads\/2018\/09\/tarima-ban\u0303o-bebedue-300x200.png 300w, https:\/\/www.danubiobebe.com\/blog\/wp-content\/uploads\/2018\/09\/tarima-ban\u0303o-bebedue-768x512.png 768w, https:\/\/www.danubiobebe.com\/blog\/wp-content\/uploads\/2018\/09\/tarima-ban\u0303o-bebedue.png 1200w\" sizes=\"auto, (max-width: 770px) 100vw, 770px\" \/><\/a><\/p>\n<p>Si queremos que el ba\u00f1o de nuestros peque\u00f1@s sea natural, con muchos cuidados y suavidad, la <a href=\"https:\/\/www.danubiobebe.com\/es\/higiene\/447-esponja-natural-jane-40103-8420421401033.html\" target=\"_blank\" rel=\"noopener noreferrer\"><strong>esponja natural de Jan\u00e9<\/strong><\/a> es perfecta, ya que es ideal para el cuidado y la higiene del beb\u00e9.\u00a0 Adem\u00e1s, est\u00e1 especialmente recomendada por su suavidad para los reci\u00e9n nacidos, por lo que es apta desde los 0 meses.<\/p>\n<p><a href=\"https:\/\/www.danubiobebe.com\/es\/higiene\/447-esponja-natural-jane-40103-8420421401033.html\"><img loading=\"lazy\" decoding=\"async\" class=\"alignnone wp-image-408 size-large\" src=\"https:\/\/www.danubiobebe.com\/blog\/wp-content\/uploads\/2018\/09\/esponja-natural-jane-1024x683.png\" alt=\"\u00a1Hora del ba\u00f1o!\" width=\"770\" height=\"514\" srcset=\"https:\/\/www.danubiobebe.com\/blog\/wp-content\/uploads\/2018\/09\/esponja-natural-jane-1024x683.png 1024w, https:\/\/www.danubiobebe.com\/blog\/wp-content\/uploads\/2018\/09\/esponja-natural-jane-300x200.png 300w, https:\/\/www.danubiobebe.com\/blog\/wp-content\/uploads\/2018\/09\/esponja-natural-jane-768x512.png 768w, https:\/\/www.danubiobebe.com\/blog\/wp-content\/uploads\/2018\/09\/esponja-natural-jane.png 1200w\" sizes=\"auto, (max-width: 770px) 100vw, 770px\" \/><\/a><\/p>\n<p>Tras el ba\u00f1o, nuestro beb\u00e9 tambi\u00e9n necesita una serie de cuidados, como por ejemplo, quitarle los moquitos, en el caso de tenerlos. Para esto desde Danubio Beb\u00e9 os recomendamos dos aspiradores, uno manual y otro el\u00e9ctrico, dependiendo de las preferencias de los pap\u00e1s.<\/p>\n<p>Uno de ellos es el <a href=\"https:\/\/www.danubiobebe.com\/es\/higiene\/451-aspirador-nasal-con-recambios-jane-40214-8420421011522.html\" target=\"_blank\" rel=\"noopener noreferrer\"><strong>aspirador nasal con recambios de Jan\u00e9<\/strong><\/a>. Este trae doble filtro protector para garantizar un uso seguro e incluye 2 recambios.<\/p>\n<p><a href=\"https:\/\/www.danubiobebe.com\/es\/higiene\/451-aspirador-nasal-con-recambios-jane-40214-8420421011522.html\"><img loading=\"lazy\" decoding=\"async\" class=\"alignnone wp-image-409 size-large\" src=\"https:\/\/www.danubiobebe.com\/blog\/wp-content\/uploads\/2018\/09\/aspirador-nasal-recambios-1024x683.png\" alt=\"\u00a1Hora del ba\u00f1o!\" width=\"770\" height=\"514\" srcset=\"https:\/\/www.danubiobebe.com\/blog\/wp-content\/uploads\/2018\/09\/aspirador-nasal-recambios-1024x683.png 1024w, https:\/\/www.danubiobebe.com\/blog\/wp-content\/uploads\/2018\/09\/aspirador-nasal-recambios-300x200.png 300w, https:\/\/www.danubiobebe.com\/blog\/wp-content\/uploads\/2018\/09\/aspirador-nasal-recambios-768x512.png 768w, https:\/\/www.danubiobebe.com\/blog\/wp-content\/uploads\/2018\/09\/aspirador-nasal-recambios.png 1200w\" sizes=\"auto, (max-width: 770px) 100vw, 770px\" \/><\/a><\/p>\n<p>Otro es el <a href=\"https:\/\/www.danubiobebe.com\/es\/higiene\/457-aspirador-nasal-electrico-nuvita-8024025026380.html\" target=\"_blank\" rel=\"noopener noreferrer\"><strong>aspirador nasal el\u00e9ctrico de Nuvita<\/strong><\/a>. Es muy innovador y est\u00e1 especialmente dise\u00f1ado por pediatras para reci\u00e9n nacidos y ni\u00f1os en su primer a\u00f1o de vida. Tiene aspiraci\u00f3n autom\u00e1tica, indirecta y delicada, no invasiva para el ni\u00f1o.<\/p>\n<p><a href=\"https:\/\/www.danubiobebe.com\/es\/higiene\/457-aspirador-nasal-electrico-nuvita-8024025026380.html\"><img loading=\"lazy\" decoding=\"async\" class=\"alignnone wp-image-410 size-large\" src=\"https:\/\/www.danubiobebe.com\/blog\/wp-content\/uploads\/2018\/09\/aspirador-nasal-electrico-nuvita-1024x683.png\" alt=\"\u00a1Hora del ba\u00f1o!\" width=\"770\" height=\"514\" srcset=\"https:\/\/www.danubiobebe.com\/blog\/wp-content\/uploads\/2018\/09\/aspirador-nasal-electrico-nuvita-1024x683.png 1024w, https:\/\/www.danubiobebe.com\/blog\/wp-content\/uploads\/2018\/09\/aspirador-nasal-electrico-nuvita-300x200.png 300w, https:\/\/www.danubiobebe.com\/blog\/wp-content\/uploads\/2018\/09\/aspirador-nasal-electrico-nuvita-768x512.png 768w, https:\/\/www.danubiobebe.com\/blog\/wp-content\/uploads\/2018\/09\/aspirador-nasal-electrico-nuvita.png 1200w\" sizes=\"auto, (max-width: 770px) 100vw, 770px\" \/><\/a><\/p>\n<p>Tambi\u00e9n debemos tener en cuenta otro tipo de cuidados con lo peques, como puede ser, tomarles la temperatura. Para ello, os recomendamos un term\u00f3metro muy demandado actualmente, el <a href=\"https:\/\/www.danubiobebe.com\/es\/higiene\/1087-termometro-infrarojo-chicco-8058664020690.html\" target=\"_blank\" rel=\"noopener noreferrer\"><strong>term\u00f3metro infrarrojo a distancia de Chicco<\/strong><\/a>. Es el instrumento adecuado para medir la temperatura de tu beb\u00e9, incluso cuando duerme, permite la medici\u00f3n de la temperatura durante el sue\u00f1o sin despertarlo. Este term\u00f3metro cambia el color de su luz para avisarte cuando est\u00e1s a la distancia correcta y exacta para tomar la temperatura. Al tener la pantalla iluminada se puede ver el resultado en la oscuridad. Adem\u00e1s, tambi\u00e9n se puede utilizar para conocer la temperatura de objetos y l\u00edquidos.<\/p>\n<p><a href=\"https:\/\/www.danubiobebe.com\/es\/higiene\/1087-termometro-infrarojo-chicco-8058664020690.html\"><img loading=\"lazy\" decoding=\"async\" class=\"alignnone wp-image-411 size-large\" src=\"https:\/\/www.danubiobebe.com\/blog\/wp-content\/uploads\/2018\/09\/termometro-infrarrojo-1024x683.png\" alt=\"\u00a1Hora del ba\u00f1o!\" width=\"770\" height=\"514\" srcset=\"https:\/\/www.danubiobebe.com\/blog\/wp-content\/uploads\/2018\/09\/termometro-infrarrojo-1024x683.png 1024w, https:\/\/www.danubiobebe.com\/blog\/wp-content\/uploads\/2018\/09\/termometro-infrarrojo-300x200.png 300w, https:\/\/www.danubiobebe.com\/blog\/wp-content\/uploads\/2018\/09\/termometro-infrarrojo-768x512.png 768w, https:\/\/www.danubiobebe.com\/blog\/wp-content\/uploads\/2018\/09\/termometro-infrarrojo.png 1200w\" sizes=\"auto, (max-width: 770px) 100vw, 770px\" \/><\/a><\/p>\n<p>Otros cuidados a tener en cuenta se pueden llevar a cabo con el <a href=\"https:\/\/www.danubiobebe.com\/es\/higiene\/955-neceser-higiene-basic-tangram-jane-8420421059173.html\" target=\"_blank\" rel=\"noopener noreferrer\"><strong>neceser higiene basic Tangram de Jan\u00e9<\/strong><\/a>, el cu\u00e1l est\u00e1 compuesto por un peine y cepillo de cerda natural, unas tijeritas de seguridad, un cortau\u00f1as, 4 limas de u\u00f1as y un cepillo dental de silicona. Perfecto para la higiene diaria de nuestros peque\u00f1@s.<\/p>\n<p><a href=\"https:\/\/www.danubiobebe.com\/es\/higiene\/955-neceser-higiene-basic-tangram-jane-8420421059173.html\"><img loading=\"lazy\" decoding=\"async\" class=\"alignnone wp-image-412 size-large\" src=\"https:\/\/www.danubiobebe.com\/blog\/wp-content\/uploads\/2018\/09\/neceser-tangram-jane-1024x683.png\" alt=\"\u00a1Hora del ba\u00f1o!\" width=\"770\" height=\"514\" srcset=\"https:\/\/www.danubiobebe.com\/blog\/wp-content\/uploads\/2018\/09\/neceser-tangram-jane-1024x683.png 1024w, https:\/\/www.danubiobebe.com\/blog\/wp-content\/uploads\/2018\/09\/neceser-tangram-jane-300x200.png 300w, https:\/\/www.danubiobebe.com\/blog\/wp-content\/uploads\/2018\/09\/neceser-tangram-jane-768x512.png 768w, https:\/\/www.danubiobebe.com\/blog\/wp-content\/uploads\/2018\/09\/neceser-tangram-jane.png 1200w\" sizes=\"auto, (max-width: 770px) 100vw, 770px\" \/><\/a><\/p>\n<p>Por \u00faltimo tambi\u00e9n es recomendable tener higiene en los espacios de nuestro hogar dedicados exclusivamente a los peques de la casa. Por ejemplo en la habitaci\u00f3n donde habitualmente cambiamos a nuestros beb\u00e9s deber\u00edamos tener un contenedor de pa\u00f1ales, para ir tir\u00e1ndolos en un mismo lugar y no mezclarlos con otro tipo de basura, sobre todo, por el olor que puedan desprender.<\/p>\n<p><a href=\"https:\/\/www.danubiobebe.com\/es\/higiene\/1143-contenedor-panales-angelcare-comfort-0660594911001.html\" target=\"_blank\" rel=\"noopener noreferrer\"><strong>El contenedor de pa\u00f1ales AngelCare<\/strong><\/a> tiene gran capacidad para desechar los pa\u00f1ales sin que emita olor. Es muy discreto, c\u00f3modo y pr\u00e1ctico. Adem\u00e1s puedes adquirir tambi\u00e9n el <a href=\"https:\/\/www.danubiobebe.com\/es\/higiene\/1136-recambio-angelcare-classic-pack-3-unidades-66659490034.html\" target=\"_blank\" rel=\"noopener noreferrer\"><strong>pack de 3 unidades de recambios AngelCare Classic<\/strong><\/a>. Tienen una pel\u00edcula de pl\u00e1stico multicapa, para impedir los malos olores al tiempo que elimina los g\u00e9rmenes. Es la manera m\u00e1s sencilla y c\u00f3moda de mantener el cuarto de tu beb\u00e9 limpio, higi\u00e9nico y sin olores. En cada unidad caben 28 pa\u00f1ales aproximadamente y es compatible con pa\u00f1ales de todos los tama\u00f1os.<\/p>\n<p><a href=\"https:\/\/www.danubiobebe.com\/es\/buscar?controller=search&amp;orderby=position&amp;orderway=desc&amp;search_query=angelcare&amp;submit_search=\"><img loading=\"lazy\" decoding=\"async\" class=\"alignnone wp-image-413 size-large\" src=\"https:\/\/www.danubiobebe.com\/blog\/wp-content\/uploads\/2018\/09\/contenedor-pan\u0303ales-angelcare-1024x683.png\" alt=\"\u00a1Hora del ba\u00f1o!\" width=\"770\" height=\"514\" srcset=\"https:\/\/www.danubiobebe.com\/blog\/wp-content\/uploads\/2018\/09\/contenedor-pan\u0303ales-angelcare-1024x683.png 1024w, https:\/\/www.danubiobebe.com\/blog\/wp-content\/uploads\/2018\/09\/contenedor-pan\u0303ales-angelcare-300x200.png 300w, https:\/\/www.danubiobebe.com\/blog\/wp-content\/uploads\/2018\/09\/contenedor-pan\u0303ales-angelcare-768x512.png 768w, https:\/\/www.danubiobebe.com\/blog\/wp-content\/uploads\/2018\/09\/contenedor-pan\u0303ales-angelcare.png 1200w\" sizes=\"auto, (max-width: 770px) 100vw, 770px\" \/><\/a><\/p>\n<p>Desde <a href=\"https:\/\/www.danubiobebe.com\/es\/\" target=\"_blank\" rel=\"noopener noreferrer\"><strong>Danubio Beb\u00e9<\/strong> <\/a>esperamos que con estos consejos y productos os sea m\u00e1s f\u00e1cil llevar a cabo la higiene y todos los cuidados que nuestros peque\u00f1@s necesitan. Si tienes alguna duda respecto a cualquiera de estos productos o sobre la higiene de tu beb\u00e9, estaremos encantados de poder asesorarte y ayudarte.<\/p>\n","protected":false},"excerpt":{"rendered":"<p>Desde Danubio Beb\u00e9, queremos hablaros sobre el ba\u00f1o, sobre todas las cositas que nuestro peque\u00f1@s necesitan y las etapas de higiene por las que pasan<\/p>\n","protected":false},"author":4,"featured_media":393,"comment_status":"open","ping_status":"open","sticky":false,"template":"","format":"standard","meta":{"footnotes":""},"categories":[1],"tags":[209,202,75,199,200,26,210,104,203,17,204,201,198,102,183,207,208,205,206],"class_list":["post-392","post","type-post","status-publish","format-standard","has-post-thumbnail","hentry","category-sin-categoria","tag-angelcare","tag-baneras","tag-baneras-bebe","tag-bano","tag-bano-bebe","tag-bebe","tag-bebedue","tag-chicco","tag-cubeta","tag-danubio-bebe","tag-esponja","tag-higiene","tag-hora-del-bano","tag-jane","tag-orinal","tag-panales","tag-plastimyr","tag-redutor-bano","tag-tarima"],"yoast_head":"<!-- This site is optimized with the Yoast SEO plugin v26.6 - https:\/\/yoast.com\/wordpress\/plugins\/seo\/ -->\n<title>Hora del ba\u00f1o para beb\u00e9s | Productos y consejos de higiene<\/title>\n<meta name=\"description\" content=\"En Danubio Beb\u00e9 encontrar\u00e1s una amplia selecci\u00f3n de productos para la higiene y el ba\u00f1o de tu beb\u00e9, pensados para su cuidado y bienestar\" \/>\n<meta name=\"robots\" content=\"index, follow, max-snippet:-1, max-image-preview:large, max-video-preview:-1\" \/>\n<link rel=\"canonical\" href=\"https:\/\/www.danubiobebe.com\/blog\/hora-del-bano\/\" \/>\n<meta property=\"og:locale\" content=\"es_ES\" \/>\n<meta property=\"og:type\" content=\"article\" \/>\n<meta property=\"og:title\" content=\"Hora del ba\u00f1o para beb\u00e9s | Productos y consejos de higiene\" \/>\n<meta property=\"og:description\" content=\"En Danubio Beb\u00e9 encontrar\u00e1s una amplia selecci\u00f3n de productos para la higiene y el ba\u00f1o de tu beb\u00e9, pensados para su cuidado y bienestar\" \/>\n<meta property=\"og:url\" content=\"https:\/\/www.danubiobebe.com\/blog\/hora-del-bano\/\" \/>\n<meta property=\"og:site_name\" content=\"Danubio blog\" \/>\n<meta property=\"article:publisher\" content=\"https:\/\/www.facebook.com\/danubio.bebe\/\" \/>\n<meta property=\"article:published_time\" content=\"2018-09-07T12:11:56+00:00\" \/>\n<meta property=\"article:modified_time\" content=\"2018-09-07T12:12:50+00:00\" \/>\n<meta property=\"og:image\" content=\"https:\/\/www.danubiobebe.com\/blog\/wp-content\/uploads\/2018\/09\/portada-ban\u0303o.png\" \/>\n\t<meta property=\"og:image:width\" content=\"800\" \/>\n\t<meta property=\"og:image:height\" content=\"534\" \/>\n\t<meta property=\"og:image:type\" content=\"image\/png\" \/>\n<meta name=\"author\" content=\"Danubio Beb\u00e9\" \/>\n<meta name=\"twitter:card\" content=\"summary_large_image\" \/>\n<meta name=\"twitter:creator\" content=\"@danubiobebe\" \/>\n<meta name=\"twitter:site\" content=\"@danubiobebe\" \/>\n<meta name=\"twitter:label1\" content=\"Escrito por\" \/>\n\t<meta name=\"twitter:data1\" content=\"Danubio Beb\u00e9\" \/>\n\t<meta name=\"twitter:label2\" content=\"Tiempo de lectura\" \/>\n\t<meta name=\"twitter:data2\" content=\"8 minutos\" \/>\n<script type=\"application\/ld+json\" class=\"yoast-schema-graph\">{\"@context\":\"https:\/\/schema.org\",\"@graph\":[{\"@type\":\"WebPage\",\"@id\":\"https:\/\/www.danubiobebe.com\/blog\/hora-del-bano\/\",\"url\":\"https:\/\/www.danubiobebe.com\/blog\/hora-del-bano\/\",\"name\":\"Hora del ba\u00f1o para beb\u00e9s | Productos y consejos de higiene\",\"isPartOf\":{\"@id\":\"https:\/\/www.danubiobebe.com\/blog\/#website\"},\"primaryImageOfPage\":{\"@id\":\"https:\/\/www.danubiobebe.com\/blog\/hora-del-bano\/#primaryimage\"},\"image\":{\"@id\":\"https:\/\/www.danubiobebe.com\/blog\/hora-del-bano\/#primaryimage\"},\"thumbnailUrl\":\"https:\/\/www.danubiobebe.com\/blog\/wp-content\/uploads\/2018\/09\/portada-ban\u0303o.png\",\"datePublished\":\"2018-09-07T12:11:56+00:00\",\"dateModified\":\"2018-09-07T12:12:50+00:00\",\"author\":{\"@id\":\"https:\/\/www.danubiobebe.com\/blog\/#\/schema\/person\/2783880c335e1e9639139bafa815ba50\"},\"description\":\"En Danubio Beb\u00e9 encontrar\u00e1s una amplia selecci\u00f3n de productos para la higiene y el ba\u00f1o de tu beb\u00e9, pensados para su cuidado y bienestar\",\"breadcrumb\":{\"@id\":\"https:\/\/www.danubiobebe.com\/blog\/hora-del-bano\/#breadcrumb\"},\"inLanguage\":\"es\",\"potentialAction\":[{\"@type\":\"ReadAction\",\"target\":[\"https:\/\/www.danubiobebe.com\/blog\/hora-del-bano\/\"]}]},{\"@type\":\"ImageObject\",\"inLanguage\":\"es\",\"@id\":\"https:\/\/www.danubiobebe.com\/blog\/hora-del-bano\/#primaryimage\",\"url\":\"https:\/\/www.danubiobebe.com\/blog\/wp-content\/uploads\/2018\/09\/portada-ban\u0303o.png\",\"contentUrl\":\"https:\/\/www.danubiobebe.com\/blog\/wp-content\/uploads\/2018\/09\/portada-ban\u0303o.png\",\"width\":800,\"height\":534,\"caption\":\"\u00a1Hora del ba\u00f1o!\"},{\"@type\":\"BreadcrumbList\",\"@id\":\"https:\/\/www.danubiobebe.com\/blog\/hora-del-bano\/#breadcrumb\",\"itemListElement\":[{\"@type\":\"ListItem\",\"position\":1,\"name\":\"Portada\",\"item\":\"https:\/\/www.danubiobebe.com\/blog\/\"},{\"@type\":\"ListItem\",\"position\":2,\"name\":\"\u00a1Hora del ba\u00f1o!\"}]},{\"@type\":\"WebSite\",\"@id\":\"https:\/\/www.danubiobebe.com\/blog\/#website\",\"url\":\"https:\/\/www.danubiobebe.com\/blog\/\",\"name\":\"Danubio blog\",\"description\":\"Toda la actualidad en el mundo del beb\u00e9\",\"potentialAction\":[{\"@type\":\"SearchAction\",\"target\":{\"@type\":\"EntryPoint\",\"urlTemplate\":\"https:\/\/www.danubiobebe.com\/blog\/?s={search_term_string}\"},\"query-input\":{\"@type\":\"PropertyValueSpecification\",\"valueRequired\":true,\"valueName\":\"search_term_string\"}}],\"inLanguage\":\"es\"},{\"@type\":\"Person\",\"@id\":\"https:\/\/www.danubiobebe.com\/blog\/#\/schema\/person\/2783880c335e1e9639139bafa815ba50\",\"name\":\"Danubio Beb\u00e9\",\"url\":\"https:\/\/www.danubiobebe.com\/blog\/author\/chari\/\"}]}<\/script>\n<!-- \/ Yoast SEO plugin. -->","yoast_head_json":{"title":"Hora del ba\u00f1o para beb\u00e9s | Productos y consejos de higiene","description":"En Danubio Beb\u00e9 encontrar\u00e1s una amplia selecci\u00f3n de productos para la higiene y el ba\u00f1o de tu beb\u00e9, pensados para su cuidado y bienestar","robots":{"index":"index","follow":"follow","max-snippet":"max-snippet:-1","max-image-preview":"max-image-preview:large","max-video-preview":"max-video-preview:-1"},"canonical":"https:\/\/www.danubiobebe.com\/blog\/hora-del-bano\/","og_locale":"es_ES","og_type":"article","og_title":"Hora del ba\u00f1o para beb\u00e9s | Productos y consejos de higiene","og_description":"En Danubio Beb\u00e9 encontrar\u00e1s una amplia selecci\u00f3n de productos para la higiene y el ba\u00f1o de tu beb\u00e9, pensados para su cuidado y bienestar","og_url":"https:\/\/www.danubiobebe.com\/blog\/hora-del-bano\/","og_site_name":"Danubio blog","article_publisher":"https:\/\/www.facebook.com\/danubio.bebe\/","article_published_time":"2018-09-07T12:11:56+00:00","article_modified_time":"2018-09-07T12:12:50+00:00","og_image":[{"width":800,"height":534,"url":"https:\/\/www.danubiobebe.com\/blog\/wp-content\/uploads\/2018\/09\/portada-ban\u0303o.png","type":"image\/png"}],"author":"Danubio Beb\u00e9","twitter_card":"summary_large_image","twitter_creator":"@danubiobebe","twitter_site":"@danubiobebe","twitter_misc":{"Escrito por":"Danubio Beb\u00e9","Tiempo de lectura":"8 minutos"},"schema":{"@context":"https:\/\/schema.org","@graph":[{"@type":"WebPage","@id":"https:\/\/www.danubiobebe.com\/blog\/hora-del-bano\/","url":"https:\/\/www.danubiobebe.com\/blog\/hora-del-bano\/","name":"Hora del ba\u00f1o para beb\u00e9s | Productos y consejos de higiene","isPartOf":{"@id":"https:\/\/www.danubiobebe.com\/blog\/#website"},"primaryImageOfPage":{"@id":"https:\/\/www.danubiobebe.com\/blog\/hora-del-bano\/#primaryimage"},"image":{"@id":"https:\/\/www.danubiobebe.com\/blog\/hora-del-bano\/#primaryimage"},"thumbnailUrl":"https:\/\/www.danubiobebe.com\/blog\/wp-content\/uploads\/2018\/09\/portada-ban\u0303o.png","datePublished":"2018-09-07T12:11:56+00:00","dateModified":"2018-09-07T12:12:50+00:00","author":{"@id":"https:\/\/www.danubiobebe.com\/blog\/#\/schema\/person\/2783880c335e1e9639139bafa815ba50"},"description":"En Danubio Beb\u00e9 encontrar\u00e1s una amplia selecci\u00f3n de productos para la higiene y el ba\u00f1o de tu beb\u00e9, pensados para su cuidado y bienestar","breadcrumb":{"@id":"https:\/\/www.danubiobebe.com\/blog\/hora-del-bano\/#breadcrumb"},"inLanguage":"es","potentialAction":[{"@type":"ReadAction","target":["https:\/\/www.danubiobebe.com\/blog\/hora-del-bano\/"]}]},{"@type":"ImageObject","inLanguage":"es","@id":"https:\/\/www.danubiobebe.com\/blog\/hora-del-bano\/#primaryimage","url":"https:\/\/www.danubiobebe.com\/blog\/wp-content\/uploads\/2018\/09\/portada-ban\u0303o.png","contentUrl":"https:\/\/www.danubiobebe.com\/blog\/wp-content\/uploads\/2018\/09\/portada-ban\u0303o.png","width":800,"height":534,"caption":"\u00a1Hora del ba\u00f1o!"},{"@type":"BreadcrumbList","@id":"https:\/\/www.danubiobebe.com\/blog\/hora-del-bano\/#breadcrumb","itemListElement":[{"@type":"ListItem","position":1,"name":"Portada","item":"https:\/\/www.danubiobebe.com\/blog\/"},{"@type":"ListItem","position":2,"name":"\u00a1Hora del ba\u00f1o!"}]},{"@type":"WebSite","@id":"https:\/\/www.danubiobebe.com\/blog\/#website","url":"https:\/\/www.danubiobebe.com\/blog\/","name":"Danubio blog","description":"Toda la actualidad en el mundo del beb\u00e9","potentialAction":[{"@type":"SearchAction","target":{"@type":"EntryPoint","urlTemplate":"https:\/\/www.danubiobebe.com\/blog\/?s={search_term_string}"},"query-input":{"@type":"PropertyValueSpecification","valueRequired":true,"valueName":"search_term_string"}}],"inLanguage":"es"},{"@type":"Person","@id":"https:\/\/www.danubiobebe.com\/blog\/#\/schema\/person\/2783880c335e1e9639139bafa815ba50","name":"Danubio Beb\u00e9","url":"https:\/\/www.danubiobebe.com\/blog\/author\/chari\/"}]}},"_links":{"self":[{"href":"https:\/\/www.danubiobebe.com\/blog\/wp-json\/wp\/v2\/posts\/392","targetHints":{"allow":["GET"]}}],"collection":[{"href":"https:\/\/www.danubiobebe.com\/blog\/wp-json\/wp\/v2\/posts"}],"about":[{"href":"https:\/\/www.danubiobebe.com\/blog\/wp-json\/wp\/v2\/types\/post"}],"author":[{"embeddable":true,"href":"https:\/\/www.danubiobebe.com\/blog\/wp-json\/wp\/v2\/users\/4"}],"replies":[{"embeddable":true,"href":"https:\/\/www.danubiobebe.com\/blog\/wp-json\/wp\/v2\/comments?post=392"}],"version-history":[{"count":4,"href":"https:\/\/www.danubiobebe.com\/blog\/wp-json\/wp\/v2\/posts\/392\/revisions"}],"predecessor-version":[{"id":416,"href":"https:\/\/www.danubiobebe.com\/blog\/wp-json\/wp\/v2\/posts\/392\/revisions\/416"}],"wp:featuredmedia":[{"embeddable":true,"href":"https:\/\/www.danubiobebe.com\/blog\/wp-json\/wp\/v2\/media\/393"}],"wp:attachment":[{"href":"https:\/\/www.danubiobebe.com\/blog\/wp-json\/wp\/v2\/media?parent=392"}],"wp:term":[{"taxonomy":"category","embeddable":true,"href":"https:\/\/www.danubiobebe.com\/blog\/wp-json\/wp\/v2\/categories?post=392"},{"taxonomy":"post_tag","embeddable":true,"href":"https:\/\/www.danubiobebe.com\/blog\/wp-json\/wp\/v2\/tags?post=392"}],"curies":[{"name":"wp","href":"https:\/\/api.w.org\/{rel}","templated":true}]}}