{"id":1804,"date":"2025-04-30T11:06:38","date_gmt":"2025-04-30T11:06:38","guid":{"rendered":"https:\/\/www.danubiobebe.com\/blog\/?p=1804"},"modified":"2025-04-30T11:18:00","modified_gmt":"2025-04-30T11:18:00","slug":"feliz-dia-de-la-madre-2025","status":"publish","type":"post","link":"https:\/\/www.danubiobebe.com\/blog\/feliz-dia-de-la-madre-2025\/","title":{"rendered":"\u00a1Feliz D\u00eda de la Madre!"},"content":{"rendered":"\n<p>Este<strong> D\u00eda de la Madre <\/strong>queremos rendir homenaje a todas esas mujeres que, con<strong> su<\/strong> <strong>amor incondicional y su dedicaci\u00f3n<\/strong>, hacen de la maternidad una <strong>experiencia \u00fanica y llena de desaf\u00edos<\/strong>. Ser madre implica un equilibrio constante entre el trabajo, las emociones y el cuidado de ese ser tan especial que necesita atenci\u00f3n a cada momento.<\/p>\n\n\n\n<p>Es un d\u00eda para <strong>celebrar <\/strong>y <strong>agradecer <\/strong>a todas las madres, aquellas que con su <strong>amor incondicional, paciencia y dedicaci\u00f3n<\/strong>, hacen de cada d\u00eda una aventura \u00fanica en el camino de la maternidad. Su capacidad de <strong>sacrificio, organizaci\u00f3n y cari\u00f1o<\/strong> es realmente admirable.<\/p>\n\n\n\n<figure class=\"wp-block-image size-large is-resized\"><img loading=\"lazy\" decoding=\"async\" src=\"https:\/\/www.danubiobebe.com\/blog\/wp-content\/uploads\/2025\/04\/portada_diadelamadre_danubio-bebe.jpg\" alt=\"portada d\u00eda de la madre\" class=\"wp-image-1822\" width=\"838\" height=\"559\" srcset=\"https:\/\/www.danubiobebe.com\/blog\/wp-content\/uploads\/2025\/04\/portada_diadelamadre_danubio-bebe.jpg 800w, https:\/\/www.danubiobebe.com\/blog\/wp-content\/uploads\/2025\/04\/portada_diadelamadre_danubio-bebe-300x200.jpg 300w, https:\/\/www.danubiobebe.com\/blog\/wp-content\/uploads\/2025\/04\/portada_diadelamadre_danubio-bebe-768x513.jpg 768w\" sizes=\"auto, (max-width: 838px) 100vw, 838px\" \/><\/figure>\n\n\n\n<h2 class=\"wp-block-heading\">Celebra el D\u00eda de la Madre con Danubio Beb\u00e9<\/h2>\n\n\n\n<p>Desde<strong> Danubio Beb\u00e9<\/strong> queremos estar cerca de cada madre en su d\u00eda a d\u00eda. Sabemos que hay gestos y ayudas que, aunque parezcan peque\u00f1os, pueden marcar una gran diferencia. Nuestro objetivo es acompa\u00f1arte con <strong>propuestas <\/strong>pensadas para que <strong>disfrutes m\u00e1s de cada etapa<\/strong> junto a tu beb\u00e9, por eso, te traemos esta selecci\u00f3n de productos para hacer tu d\u00eda a d\u00eda m\u00e1s f\u00e1cil:<\/p>\n\n\n\n<div style=\"height:20px\" aria-hidden=\"true\" class=\"wp-block-spacer\"><\/div>\n\n\n\n<h3 class=\"wp-block-heading\">MOCHILA PORTABEBE BABYBJORN MINI MESH<\/h3>\n\n\n\n<div class=\"wp-block-columns is-layout-flex wp-container-core-columns-is-layout-9d6595d7 wp-block-columns-is-layout-flex\">\n<div class=\"wp-block-column is-layout-flow wp-block-column-is-layout-flow\">\n<div class=\"wp-block-columns is-layout-flex wp-container-core-columns-is-layout-9d6595d7 wp-block-columns-is-layout-flex\">\n<div class=\"wp-block-column is-layout-flow wp-block-column-is-layout-flow\" style=\"flex-basis:33.33%\">\n<div class=\"wp-block-image\"><figure class=\"aligncenter size-large is-resized\"><a href=\"https:\/\/www.danubiobebe.com\/es\/a-viajar\/2578-6971-mochila-portabebe-babybjorn-mini-mesh.html#\/25-color-gris\" target=\"_blank\" rel=\"noopener\"><img loading=\"lazy\" decoding=\"async\" src=\"https:\/\/www.danubiobebe.com\/blog\/wp-content\/uploads\/2025\/04\/image5.png\" alt=\"mochila porta beb\u00e9 madre\" class=\"wp-image-1805\" width=\"194\" height=\"215\" srcset=\"https:\/\/www.danubiobebe.com\/blog\/wp-content\/uploads\/2025\/04\/image5.png 800w, https:\/\/www.danubiobebe.com\/blog\/wp-content\/uploads\/2025\/04\/image5-270x300.png 270w, https:\/\/www.danubiobebe.com\/blog\/wp-content\/uploads\/2025\/04\/image5-768x853.png 768w\" sizes=\"auto, (max-width: 194px) 100vw, 194px\" \/><\/a><\/figure><\/div>\n\n\n\n<div class=\"wp-block-buttons is-content-justification-center is-layout-flex wp-block-buttons-is-layout-flex\">\n<div class=\"wp-block-button is-style-fill\"><a class=\"wp-block-button__link has-black-color has-pale-cyan-blue-background-color has-text-color has-background\" href=\"https:\/\/www.danubiobebe.com\/es\/a-viajar\/2578-6971-mochila-portabebe-babybjorn-mini-mesh.html#\/25-color-gris\" target=\"_blank\" rel=\"noreferrer noopener\">A\u00f1adir al carrito<\/a><\/div>\n<\/div>\n<\/div>\n\n\n\n<div class=\"wp-block-column is-vertically-aligned-center is-layout-flow wp-block-column-is-layout-flow\" style=\"flex-basis:66.66%\">\n<p><strong>C\u00f3moda<\/strong>, <strong>ligera <\/strong>y muy <strong>f\u00e1cil <\/strong>de poner, esta mochila es perfecta para llevar al beb\u00e9 cerca desde el primer d\u00eda. Su <strong>tejido transpirable<\/strong> mantiene frescos a los dos, y su<strong> dise\u00f1o ergon\u00f3mico<\/strong> cuida tanto al beb\u00e9 como a quien lo lleva.<\/p>\n\n\n\n<p><\/p>\n<\/div>\n<\/div>\n<\/div>\n<\/div>\n\n\n\n<h3 class=\"wp-block-heading\">INTERCOMUNICADOR SARO BABY MONITOR 2.8&#8243; VIDEO<\/h3>\n\n\n\n<div class=\"wp-block-columns is-layout-flex wp-container-core-columns-is-layout-9d6595d7 wp-block-columns-is-layout-flex\">\n<div class=\"wp-block-column is-vertically-aligned-center is-layout-flow wp-block-column-is-layout-flow\" style=\"flex-basis:33.33%\">\n<div class=\"wp-block-image\"><figure class=\"aligncenter size-large is-resized\"><a href=\"https:\/\/www.danubiobebe.com\/es\/seguridad\/27045-intercomunicador-saro-baby-monitor-28-video.html\" target=\"_blank\" rel=\"noopener\"><img loading=\"lazy\" decoding=\"async\" src=\"https:\/\/www.danubiobebe.com\/blog\/wp-content\/uploads\/2025\/04\/image1.png\" alt=\"intercomunicador madre\" class=\"wp-image-1812\" width=\"208\" height=\"230\" srcset=\"https:\/\/www.danubiobebe.com\/blog\/wp-content\/uploads\/2025\/04\/image1.png 800w, https:\/\/www.danubiobebe.com\/blog\/wp-content\/uploads\/2025\/04\/image1-270x300.png 270w, https:\/\/www.danubiobebe.com\/blog\/wp-content\/uploads\/2025\/04\/image1-768x853.png 768w\" sizes=\"auto, (max-width: 208px) 100vw, 208px\" \/><\/a><\/figure><\/div>\n\n\n\n<div class=\"wp-block-buttons is-content-justification-center is-layout-flex wp-block-buttons-is-layout-flex\">\n<div class=\"wp-block-button\"><a class=\"wp-block-button__link has-black-color has-pale-cyan-blue-background-color has-text-color has-background\" href=\"https:\/\/www.danubiobebe.com\/es\/seguridad\/27045-intercomunicador-saro-baby-monitor-28-video.html\" target=\"_blank\" rel=\"noreferrer noopener\">A\u00f1adir al carrito<\/a><\/div>\n<\/div>\n<\/div>\n\n\n\n<div class=\"wp-block-column is-vertically-aligned-center is-layout-flow wp-block-column-is-layout-flow\" style=\"flex-basis:66.66%\">\n<p>Este intercomunicador con<strong> pantalla LCD de 2.8&#8243;<\/strong> ofrece <strong>visi\u00f3n nocturna<\/strong>, <strong>comunicaci\u00f3n bidireccional<\/strong> y <strong>sensor de temperatura,<\/strong> brindando <strong>seguridad <\/strong>y <strong>comodidad <\/strong>para estar siempre cerca de tu beb\u00e9.<\/p>\n<\/div>\n<\/div>\n\n\n\n<h3 class=\"wp-block-heading\">CALIENTA BIBERONES BEABA MULTIMILK<\/h3>\n\n\n\n<div class=\"wp-block-columns is-layout-flex wp-container-core-columns-is-layout-9d6595d7 wp-block-columns-is-layout-flex\">\n<div class=\"wp-block-column is-vertically-aligned-center is-layout-flow wp-block-column-is-layout-flow\" style=\"flex-basis:33.33%\">\n<div class=\"wp-block-image\"><figure class=\"aligncenter size-large is-resized\"><a href=\"https:\/\/www.danubiobebe.com\/es\/a-comer\/28148-10502-calienta-biberones-beaba-multimilk.html#\/3338-color-night_blue\" target=\"_blank\" rel=\"noopener\"><img loading=\"lazy\" decoding=\"async\" src=\"https:\/\/www.danubiobebe.com\/blog\/wp-content\/uploads\/2025\/04\/image6.jpg\" alt=\"calienta biberones madre\" class=\"wp-image-1815\" width=\"192\" height=\"212\" srcset=\"https:\/\/www.danubiobebe.com\/blog\/wp-content\/uploads\/2025\/04\/image6.jpg 800w, https:\/\/www.danubiobebe.com\/blog\/wp-content\/uploads\/2025\/04\/image6-270x300.jpg 270w, https:\/\/www.danubiobebe.com\/blog\/wp-content\/uploads\/2025\/04\/image6-768x853.jpg 768w\" sizes=\"auto, (max-width: 192px) 100vw, 192px\" \/><\/a><\/figure><\/div>\n\n\n\n<div class=\"wp-block-buttons is-content-justification-center is-layout-flex wp-block-buttons-is-layout-flex\">\n<div class=\"wp-block-button\"><a class=\"wp-block-button__link has-black-color has-pale-cyan-blue-background-color has-text-color has-background\" href=\"https:\/\/www.danubiobebe.com\/es\/a-comer\/28148-10502-calienta-biberones-beaba-multimilk.html#\/3338-color-night_blue\" target=\"_blank\" rel=\"noreferrer noopener\">A\u00f1adir al carrito<\/a><\/div>\n<\/div>\n<\/div>\n\n\n\n<div class=\"wp-block-column is-vertically-aligned-center is-layout-flow wp-block-column-is-layout-flow\" style=\"flex-basis:66.66%\">\n<p>Este calienta biberones <strong>multifuncional <\/strong>ofrece <strong>5 programas en 1<\/strong>, incluyendo <strong>ba\u00f1o mar\u00eda,<\/strong> <strong>descongelaci\u00f3n <\/strong>y <strong>esterilizaci\u00f3n<\/strong>. Compacto y f\u00e1cil de usar, es <strong>compatible <\/strong>con la mayor\u00eda de <strong>biberones y tarros<\/strong>.<\/p>\n<\/div>\n<\/div>\n\n\n\n<h3 class=\"wp-block-heading\">TRONA PORTATIL WALKING MUM CAETANA<\/h3>\n\n\n\n<div class=\"wp-block-columns is-layout-flex wp-container-core-columns-is-layout-9d6595d7 wp-block-columns-is-layout-flex\">\n<div class=\"wp-block-column is-vertically-aligned-center is-layout-flow wp-block-column-is-layout-flow\" style=\"flex-basis:33.33%\">\n<div class=\"wp-block-image\"><figure class=\"aligncenter size-large is-resized\"><a href=\"https:\/\/www.danubiobebe.com\/es\/a-comer\/27623-9814-trona-portatil-walking-mum-caetana.html#\/140-color-sand\" target=\"_blank\" rel=\"noopener\"><img loading=\"lazy\" decoding=\"async\" src=\"https:\/\/www.danubiobebe.com\/blog\/wp-content\/uploads\/2025\/04\/image4.jpg\" alt=\"trona madre\" class=\"wp-image-1819\" width=\"203\" height=\"224\"\/><\/a><\/figure><\/div>\n\n\n\n<div class=\"wp-block-buttons is-content-justification-center is-layout-flex wp-block-buttons-is-layout-flex\">\n<div class=\"wp-block-button\"><a class=\"wp-block-button__link has-black-color has-pale-cyan-blue-background-color has-text-color has-background\" href=\"https:\/\/www.danubiobebe.com\/es\/a-comer\/27623-9814-trona-portatil-walking-mum-caetana.html#\/140-color-sand\" target=\"_blank\" rel=\"noreferrer noopener\">A\u00f1adir al carrito<\/a><\/div>\n<\/div>\n<\/div>\n\n\n\n<div class=\"wp-block-column is-vertically-aligned-center is-layout-flow wp-block-column-is-layout-flow\" style=\"flex-basis:66.66%\">\n<p>Dise\u00f1ada para padres en movimiento, esta trona port\u00e1til es <strong>ligera<\/strong>, <strong>segura <\/strong>y <strong>f\u00e1cil de usar. <\/strong>Se <strong>adapta <\/strong>a la mayor\u00eda de sillas, <strong>ofreciendo comodidad y practicidad<\/strong> para tu beb\u00e9 en cualquier lugar.<\/p>\n<\/div>\n<\/div>\n\n\n\n<h3 class=\"wp-block-heading\">COJ\u00cdN DE LACTANCIA CAMBRASS<\/h3>\n\n\n\n<div class=\"wp-block-columns is-layout-flex wp-container-core-columns-is-layout-9d6595d7 wp-block-columns-is-layout-flex\">\n<div class=\"wp-block-column is-vertically-aligned-center is-layout-flow wp-block-column-is-layout-flow\" style=\"flex-basis:33.33%\">\n<div class=\"wp-block-image\"><figure class=\"aligncenter size-large is-resized\"><a href=\"https:\/\/www.danubiobebe.com\/es\/para-mama\/28471-10960-cojin-de-lactancia-cambrass-luna-branch.html#\/149-color-beige\" target=\"_blank\" rel=\"noopener\"><img loading=\"lazy\" decoding=\"async\" src=\"https:\/\/www.danubiobebe.com\/blog\/wp-content\/uploads\/2025\/04\/image2.jpg\" alt=\"coj\u00edn madre\" class=\"wp-image-1820\" width=\"191\" height=\"211\" srcset=\"https:\/\/www.danubiobebe.com\/blog\/wp-content\/uploads\/2025\/04\/image2.jpg 800w, https:\/\/www.danubiobebe.com\/blog\/wp-content\/uploads\/2025\/04\/image2-270x300.jpg 270w, https:\/\/www.danubiobebe.com\/blog\/wp-content\/uploads\/2025\/04\/image2-768x853.jpg 768w\" sizes=\"auto, (max-width: 191px) 100vw, 191px\" \/><\/a><\/figure><\/div>\n\n\n\n<div class=\"wp-block-buttons is-content-justification-center is-layout-flex wp-block-buttons-is-layout-flex\">\n<div class=\"wp-block-button\"><a class=\"wp-block-button__link has-black-color has-pale-cyan-blue-background-color has-text-color has-background\" href=\"https:\/\/www.danubiobebe.com\/es\/para-mama\/28471-10960-cojin-de-lactancia-cambrass-luna-branch.html#\/149-color-beige\" target=\"_blank\" rel=\"noreferrer noopener\">A\u00f1adir al carrito<\/a><\/div>\n<\/div>\n<\/div>\n\n\n\n<div class=\"wp-block-column is-vertically-aligned-center is-layout-flow wp-block-column-is-layout-flow\" style=\"flex-basis:66.66%\">\n<p>Este <strong>coj\u00edn ergon\u00f3mico<\/strong> ofrece soporte durante la <strong>lactancia <\/strong>y el <strong>embarazo<\/strong>. Su <strong>relleno de microperlas<\/strong> se adapta al cuerpo y es<strong> f\u00e1cil de limpiar<\/strong> gracias a su funda desenfundable.<\/p>\n<\/div>\n<\/div>\n\n\n\n<h3 class=\"wp-block-heading\">BOLSO XL PASITO A PASITO NARA<\/h3>\n\n\n\n<div class=\"wp-block-columns is-layout-flex wp-container-core-columns-is-layout-9d6595d7 wp-block-columns-is-layout-flex\">\n<div class=\"wp-block-column is-vertically-aligned-center is-layout-flow wp-block-column-is-layout-flow\" style=\"flex-basis:33.33%\">\n<div class=\"wp-block-image\"><figure class=\"aligncenter size-large is-resized\"><a href=\"https:\/\/www.danubiobebe.com\/es\/bolsos-y-accesorios\/28449-bolso-xl-pasito-a-pasito-nara-8435748605996.html\" target=\"_blank\" rel=\"noopener\"><img loading=\"lazy\" decoding=\"async\" src=\"https:\/\/www.danubiobebe.com\/blog\/wp-content\/uploads\/2025\/04\/image3.jpg\" alt=\"bolso madre\" class=\"wp-image-1821\" width=\"204\" height=\"226\" srcset=\"https:\/\/www.danubiobebe.com\/blog\/wp-content\/uploads\/2025\/04\/image3.jpg 800w, https:\/\/www.danubiobebe.com\/blog\/wp-content\/uploads\/2025\/04\/image3-270x300.jpg 270w, https:\/\/www.danubiobebe.com\/blog\/wp-content\/uploads\/2025\/04\/image3-768x853.jpg 768w\" sizes=\"auto, (max-width: 204px) 100vw, 204px\" \/><\/a><\/figure><\/div>\n\n\n\n<div class=\"wp-block-buttons is-content-justification-center is-layout-flex wp-block-buttons-is-layout-flex\">\n<div class=\"wp-block-button\"><a class=\"wp-block-button__link has-black-color has-pale-cyan-blue-background-color has-text-color has-background\" href=\"https:\/\/www.danubiobebe.com\/es\/bolsos-y-accesorios\/28449-bolso-xl-pasito-a-pasito-nara-8435748605996.html\" target=\"_blank\" rel=\"noreferrer noopener\">A\u00f1adir al carrito<\/a><\/div>\n<\/div>\n<\/div>\n\n\n\n<div class=\"wp-block-column is-vertically-aligned-center is-layout-flow wp-block-column-is-layout-flow\" style=\"flex-basis:66.66%\">\n<p>Este bolso de <strong>gran capacidad<\/strong>, con dise\u00f1o <strong>impermeable <\/strong>y pr\u00e1ctico, ofrece<strong> m\u00faltiples bolsillos<\/strong> para organizar todo lo necesario. Con <strong>asas ajustables<\/strong> y un elegante estampado, es ideal para mam\u00e1s activas.<\/p>\n<\/div>\n<\/div>\n\n\n\n<p>Desde Danubio Beb\u00e9, en este d\u00eda tan especial, queremos recordarles a todas las <strong>mam\u00e1s lo valiosas que son<\/strong>, no solo hoy, sino <strong>cada d\u00eda del a\u00f1o<\/strong>.\u00a0<\/p>\n\n\n\n<div style=\"height:20px\" aria-hidden=\"true\" class=\"wp-block-spacer\"><\/div>\n\n\n\n<h2 class=\"wp-block-heading\">\u00bfC\u00f3mo celebrar el D\u00eda de la Madre?<\/h2>\n\n\n\n<p>Este D\u00eda de la Madre, m\u00e1s all\u00e1 de los regalos, lo m\u00e1s importante es dedicar tiempo a la persona que te ha dado tanto. Celebra con peque\u00f1os gestos de amor y gratitud, ya sea disfrutando de un momento de calma en familia, haciendo algo que te haga sentir especial, o simplemente recibiendo un abrazo sincero de tus seres queridos.<\/p>\n\n\n\n<p>La maternidad es un viaje \u00fanico, lleno de sacrificios y alegr\u00edas. Hoy es el d\u00eda perfecto para reflexionar sobre lo afortunadas que somos por tener a nuestras madres a nuestro lado, y tambi\u00e9n para agradecer todo lo que hacemos por nuestros hijos.<\/p>\n\n\n\n<p>Recuerda que, a veces, los mejores regalos son los m\u00e1s simples, aquellos que nos permiten disfrutar de la compa\u00f1\u00eda, la calma y la conexi\u00f3n con quienes m\u00e1s amamos. En Danubio Beb\u00e9, queremos ser parte de tu celebraci\u00f3n, apoy\u00e1ndote con productos pensados para hacer tu d\u00eda a d\u00eda m\u00e1s f\u00e1cil y placentero.<\/p>\n\n\n\n<p>Ya sea a trav\u00e9s de una peque\u00f1a sorpresa o un d\u00eda de descanso, lo importante es disfrutar de tu rol tan especial y sentirte apreciada. \u00a1Feliz d\u00eda mam\u00e1s!<\/p>\n\n\n\n<p>Si necesitas m\u00e1s informaci\u00f3n o quieres ver m\u00e1s productos, en <strong>Danubio Beb\u00e9<\/strong> estaremos encantados de atenderte.<\/p>\n\n\n\n<p>No dudes en contactarnos a trav\u00e9s de nuestras<strong> redes sociales<\/strong> o <strong>visitarnos <\/strong>en nuestras tiendas de <strong><a href=\"https:\/\/www.google.com\/maps\/place\/Danubio+Bebe\/@36.433824,-6.14332,779m\/data=!3m2!1e3!4b1!4m6!3m5!1s0xd0c35ae564c19b9:0xa4c182b67fbd1d54!8m2!3d36.433824!4d-6.14332!16s%2Fg%2F1tf3q4gy?entry=ttu&amp;g_ep=EgoyMDI1MDQyNy4xIKXMDSoASAFQAw%3D%3D\" target=\"_blank\" rel=\"noreferrer noopener\">Chiclana<\/a> <\/strong>y<a href=\"https:\/\/www.google.com\/maps\/place\/Danubio+Bebe\/@36.1794338,-5.4453393,1564m\/data=!3m2!1e3!4b1!4m6!3m5!1s0xd0ceb06346857b5:0x6fbca480071baa54!8m2!3d36.1794338!4d-5.4453393!16s%2Fg%2F1z44bclny?entry=ttu&amp;g_ep=EgoyMDI1MDQyNy4xIKXMDSoASAFQAw%3D%3D\"> <strong>Los Barrios<\/strong><\/a>.<\/p>\n","protected":false},"excerpt":{"rendered":"<p>Este D\u00eda de la Madre queremos rendir homenaje a todas esas mujeres que, con su amor incondicional y su dedicaci\u00f3n, hacen de la maternidad una experiencia \u00fanica y llena de desaf\u00edos. Ser madre implica un equilibrio constante entre el trabajo, las emociones y el cuidado de ese ser tan especial que necesita atenci\u00f3n a cada [&hellip;]<\/p>\n","protected":false},"author":4,"featured_media":1822,"comment_status":"open","ping_status":"open","sticky":false,"template":"","format":"standard","meta":{"footnotes":""},"categories":[302],"tags":[],"class_list":["post-1804","post","type-post","status-publish","format-standard","has-post-thumbnail","hentry","category-noticias"],"yoast_head":"<!-- This site is optimized with the Yoast SEO plugin v26.6 - https:\/\/yoast.com\/wordpress\/plugins\/seo\/ -->\n<title>Celebra el D\u00eda de la Madre con Danubio Beb\u00e9 | Selecci\u00f3n de art\u00edculos<\/title>\n<meta name=\"description\" content=\"Descubre productos pensados para facilitar el d\u00eda a d\u00eda de las mam\u00e1s, rendir homenaje a su dedicaci\u00f3n y acompa\u00f1arlas en cada etapa de la maternidad.\" \/>\n<meta name=\"robots\" content=\"index, follow, max-snippet:-1, max-image-preview:large, max-video-preview:-1\" \/>\n<link rel=\"canonical\" href=\"https:\/\/www.danubiobebe.com\/blog\/feliz-dia-de-la-madre-2025\/\" \/>\n<meta property=\"og:locale\" content=\"es_ES\" \/>\n<meta property=\"og:type\" content=\"article\" \/>\n<meta property=\"og:title\" content=\"Celebra el D\u00eda de la Madre con Danubio Beb\u00e9 | Selecci\u00f3n de art\u00edculos\" \/>\n<meta property=\"og:description\" content=\"Descubre productos pensados para facilitar el d\u00eda a d\u00eda de las mam\u00e1s, rendir homenaje a su dedicaci\u00f3n y acompa\u00f1arlas en cada etapa de la maternidad.\" \/>\n<meta property=\"og:url\" content=\"https:\/\/www.danubiobebe.com\/blog\/feliz-dia-de-la-madre-2025\/\" \/>\n<meta property=\"og:site_name\" content=\"Danubio blog\" \/>\n<meta property=\"article:publisher\" content=\"https:\/\/www.facebook.com\/danubio.bebe\/\" \/>\n<meta property=\"article:published_time\" content=\"2025-04-30T11:06:38+00:00\" \/>\n<meta property=\"article:modified_time\" content=\"2025-04-30T11:18:00+00:00\" \/>\n<meta property=\"og:image\" content=\"https:\/\/www.danubiobebe.com\/blog\/wp-content\/uploads\/2025\/04\/portada_diadelamadre_danubio-bebe.jpg\" \/>\n<meta name=\"author\" content=\"Danubio Beb\u00e9\" \/>\n<meta name=\"twitter:card\" content=\"summary_large_image\" \/>\n<meta name=\"twitter:image\" content=\"https:\/\/www.danubiobebe.com\/blog\/wp-content\/uploads\/2025\/04\/portada_diadelamadre_danubio-bebe.jpg\" \/>\n<meta name=\"twitter:creator\" content=\"@danubiobebe\" \/>\n<meta name=\"twitter:site\" content=\"@danubiobebe\" \/>\n<meta name=\"twitter:label1\" content=\"Escrito por\" \/>\n\t<meta name=\"twitter:data1\" content=\"Danubio Beb\u00e9\" \/>\n\t<meta name=\"twitter:label2\" content=\"Tiempo de lectura\" \/>\n\t<meta name=\"twitter:data2\" content=\"4 minutos\" \/>\n<script type=\"application\/ld+json\" class=\"yoast-schema-graph\">{\"@context\":\"https:\/\/schema.org\",\"@graph\":[{\"@type\":\"WebPage\",\"@id\":\"https:\/\/www.danubiobebe.com\/blog\/feliz-dia-de-la-madre-2025\/\",\"url\":\"https:\/\/www.danubiobebe.com\/blog\/feliz-dia-de-la-madre-2025\/\",\"name\":\"Celebra el D\u00eda de la Madre con Danubio Beb\u00e9 | Selecci\u00f3n de art\u00edculos\",\"isPartOf\":{\"@id\":\"https:\/\/www.danubiobebe.com\/blog\/#website\"},\"primaryImageOfPage\":{\"@id\":\"https:\/\/www.danubiobebe.com\/blog\/feliz-dia-de-la-madre-2025\/#primaryimage\"},\"image\":{\"@id\":\"https:\/\/www.danubiobebe.com\/blog\/feliz-dia-de-la-madre-2025\/#primaryimage\"},\"thumbnailUrl\":\"https:\/\/www.danubiobebe.com\/blog\/wp-content\/uploads\/2025\/04\/portada_diadelamadre_danubio-bebe.jpg\",\"datePublished\":\"2025-04-30T11:06:38+00:00\",\"dateModified\":\"2025-04-30T11:18:00+00:00\",\"author\":{\"@id\":\"https:\/\/www.danubiobebe.com\/blog\/#\/schema\/person\/2783880c335e1e9639139bafa815ba50\"},\"description\":\"Descubre productos pensados para facilitar el d\u00eda a d\u00eda de las mam\u00e1s, rendir homenaje a su dedicaci\u00f3n y acompa\u00f1arlas en cada etapa de la maternidad.\",\"breadcrumb\":{\"@id\":\"https:\/\/www.danubiobebe.com\/blog\/feliz-dia-de-la-madre-2025\/#breadcrumb\"},\"inLanguage\":\"es\",\"potentialAction\":[{\"@type\":\"ReadAction\",\"target\":[\"https:\/\/www.danubiobebe.com\/blog\/feliz-dia-de-la-madre-2025\/\"]}]},{\"@type\":\"ImageObject\",\"inLanguage\":\"es\",\"@id\":\"https:\/\/www.danubiobebe.com\/blog\/feliz-dia-de-la-madre-2025\/#primaryimage\",\"url\":\"https:\/\/www.danubiobebe.com\/blog\/wp-content\/uploads\/2025\/04\/portada_diadelamadre_danubio-bebe.jpg\",\"contentUrl\":\"https:\/\/www.danubiobebe.com\/blog\/wp-content\/uploads\/2025\/04\/portada_diadelamadre_danubio-bebe.jpg\",\"width\":800,\"height\":534,\"caption\":\"portada d\u00eda de la madre\"},{\"@type\":\"BreadcrumbList\",\"@id\":\"https:\/\/www.danubiobebe.com\/blog\/feliz-dia-de-la-madre-2025\/#breadcrumb\",\"itemListElement\":[{\"@type\":\"ListItem\",\"position\":1,\"name\":\"Portada\",\"item\":\"https:\/\/www.danubiobebe.com\/blog\/\"},{\"@type\":\"ListItem\",\"position\":2,\"name\":\"\u00a1Feliz D\u00eda de la Madre!\"}]},{\"@type\":\"WebSite\",\"@id\":\"https:\/\/www.danubiobebe.com\/blog\/#website\",\"url\":\"https:\/\/www.danubiobebe.com\/blog\/\",\"name\":\"Danubio blog\",\"description\":\"Toda la actualidad en el mundo del beb\u00e9\",\"potentialAction\":[{\"@type\":\"SearchAction\",\"target\":{\"@type\":\"EntryPoint\",\"urlTemplate\":\"https:\/\/www.danubiobebe.com\/blog\/?s={search_term_string}\"},\"query-input\":{\"@type\":\"PropertyValueSpecification\",\"valueRequired\":true,\"valueName\":\"search_term_string\"}}],\"inLanguage\":\"es\"},{\"@type\":\"Person\",\"@id\":\"https:\/\/www.danubiobebe.com\/blog\/#\/schema\/person\/2783880c335e1e9639139bafa815ba50\",\"name\":\"Danubio Beb\u00e9\",\"url\":\"https:\/\/www.danubiobebe.com\/blog\/author\/chari\/\"}]}<\/script>\n<!-- \/ Yoast SEO plugin. -->","yoast_head_json":{"title":"Celebra el D\u00eda de la Madre con Danubio Beb\u00e9 | Selecci\u00f3n de art\u00edculos","description":"Descubre productos pensados para facilitar el d\u00eda a d\u00eda de las mam\u00e1s, rendir homenaje a su dedicaci\u00f3n y acompa\u00f1arlas en cada etapa de la maternidad.","robots":{"index":"index","follow":"follow","max-snippet":"max-snippet:-1","max-image-preview":"max-image-preview:large","max-video-preview":"max-video-preview:-1"},"canonical":"https:\/\/www.danubiobebe.com\/blog\/feliz-dia-de-la-madre-2025\/","og_locale":"es_ES","og_type":"article","og_title":"Celebra el D\u00eda de la Madre con Danubio Beb\u00e9 | Selecci\u00f3n de art\u00edculos","og_description":"Descubre productos pensados para facilitar el d\u00eda a d\u00eda de las mam\u00e1s, rendir homenaje a su dedicaci\u00f3n y acompa\u00f1arlas en cada etapa de la maternidad.","og_url":"https:\/\/www.danubiobebe.com\/blog\/feliz-dia-de-la-madre-2025\/","og_site_name":"Danubio blog","article_publisher":"https:\/\/www.facebook.com\/danubio.bebe\/","article_published_time":"2025-04-30T11:06:38+00:00","article_modified_time":"2025-04-30T11:18:00+00:00","og_image":[{"url":"https:\/\/www.danubiobebe.com\/blog\/wp-content\/uploads\/2025\/04\/portada_diadelamadre_danubio-bebe.jpg","type":"","width":"","height":""}],"author":"Danubio Beb\u00e9","twitter_card":"summary_large_image","twitter_image":"https:\/\/www.danubiobebe.com\/blog\/wp-content\/uploads\/2025\/04\/portada_diadelamadre_danubio-bebe.jpg","twitter_creator":"@danubiobebe","twitter_site":"@danubiobebe","twitter_misc":{"Escrito por":"Danubio Beb\u00e9","Tiempo de lectura":"4 minutos"},"schema":{"@context":"https:\/\/schema.org","@graph":[{"@type":"WebPage","@id":"https:\/\/www.danubiobebe.com\/blog\/feliz-dia-de-la-madre-2025\/","url":"https:\/\/www.danubiobebe.com\/blog\/feliz-dia-de-la-madre-2025\/","name":"Celebra el D\u00eda de la Madre con Danubio Beb\u00e9 | Selecci\u00f3n de art\u00edculos","isPartOf":{"@id":"https:\/\/www.danubiobebe.com\/blog\/#website"},"primaryImageOfPage":{"@id":"https:\/\/www.danubiobebe.com\/blog\/feliz-dia-de-la-madre-2025\/#primaryimage"},"image":{"@id":"https:\/\/www.danubiobebe.com\/blog\/feliz-dia-de-la-madre-2025\/#primaryimage"},"thumbnailUrl":"https:\/\/www.danubiobebe.com\/blog\/wp-content\/uploads\/2025\/04\/portada_diadelamadre_danubio-bebe.jpg","datePublished":"2025-04-30T11:06:38+00:00","dateModified":"2025-04-30T11:18:00+00:00","author":{"@id":"https:\/\/www.danubiobebe.com\/blog\/#\/schema\/person\/2783880c335e1e9639139bafa815ba50"},"description":"Descubre productos pensados para facilitar el d\u00eda a d\u00eda de las mam\u00e1s, rendir homenaje a su dedicaci\u00f3n y acompa\u00f1arlas en cada etapa de la maternidad.","breadcrumb":{"@id":"https:\/\/www.danubiobebe.com\/blog\/feliz-dia-de-la-madre-2025\/#breadcrumb"},"inLanguage":"es","potentialAction":[{"@type":"ReadAction","target":["https:\/\/www.danubiobebe.com\/blog\/feliz-dia-de-la-madre-2025\/"]}]},{"@type":"ImageObject","inLanguage":"es","@id":"https:\/\/www.danubiobebe.com\/blog\/feliz-dia-de-la-madre-2025\/#primaryimage","url":"https:\/\/www.danubiobebe.com\/blog\/wp-content\/uploads\/2025\/04\/portada_diadelamadre_danubio-bebe.jpg","contentUrl":"https:\/\/www.danubiobebe.com\/blog\/wp-content\/uploads\/2025\/04\/portada_diadelamadre_danubio-bebe.jpg","width":800,"height":534,"caption":"portada d\u00eda de la madre"},{"@type":"BreadcrumbList","@id":"https:\/\/www.danubiobebe.com\/blog\/feliz-dia-de-la-madre-2025\/#breadcrumb","itemListElement":[{"@type":"ListItem","position":1,"name":"Portada","item":"https:\/\/www.danubiobebe.com\/blog\/"},{"@type":"ListItem","position":2,"name":"\u00a1Feliz D\u00eda de la Madre!"}]},{"@type":"WebSite","@id":"https:\/\/www.danubiobebe.com\/blog\/#website","url":"https:\/\/www.danubiobebe.com\/blog\/","name":"Danubio blog","description":"Toda la actualidad en el mundo del beb\u00e9","potentialAction":[{"@type":"SearchAction","target":{"@type":"EntryPoint","urlTemplate":"https:\/\/www.danubiobebe.com\/blog\/?s={search_term_string}"},"query-input":{"@type":"PropertyValueSpecification","valueRequired":true,"valueName":"search_term_string"}}],"inLanguage":"es"},{"@type":"Person","@id":"https:\/\/www.danubiobebe.com\/blog\/#\/schema\/person\/2783880c335e1e9639139bafa815ba50","name":"Danubio Beb\u00e9","url":"https:\/\/www.danubiobebe.com\/blog\/author\/chari\/"}]}},"_links":{"self":[{"href":"https:\/\/www.danubiobebe.com\/blog\/wp-json\/wp\/v2\/posts\/1804","targetHints":{"allow":["GET"]}}],"collection":[{"href":"https:\/\/www.danubiobebe.com\/blog\/wp-json\/wp\/v2\/posts"}],"about":[{"href":"https:\/\/www.danubiobebe.com\/blog\/wp-json\/wp\/v2\/types\/post"}],"author":[{"embeddable":true,"href":"https:\/\/www.danubiobebe.com\/blog\/wp-json\/wp\/v2\/users\/4"}],"replies":[{"embeddable":true,"href":"https:\/\/www.danubiobebe.com\/blog\/wp-json\/wp\/v2\/comments?post=1804"}],"version-history":[{"count":26,"href":"https:\/\/www.danubiobebe.com\/blog\/wp-json\/wp\/v2\/posts\/1804\/revisions"}],"predecessor-version":[{"id":1839,"href":"https:\/\/www.danubiobebe.com\/blog\/wp-json\/wp\/v2\/posts\/1804\/revisions\/1839"}],"wp:featuredmedia":[{"embeddable":true,"href":"https:\/\/www.danubiobebe.com\/blog\/wp-json\/wp\/v2\/media\/1822"}],"wp:attachment":[{"href":"https:\/\/www.danubiobebe.com\/blog\/wp-json\/wp\/v2\/media?parent=1804"}],"wp:term":[{"taxonomy":"category","embeddable":true,"href":"https:\/\/www.danubiobebe.com\/blog\/wp-json\/wp\/v2\/categories?post=1804"},{"taxonomy":"post_tag","embeddable":true,"href":"https:\/\/www.danubiobebe.com\/blog\/wp-json\/wp\/v2\/tags?post=1804"}],"curies":[{"name":"wp","href":"https:\/\/api.w.org\/{rel}","templated":true}]}}