{"id":1538,"date":"2024-11-29T09:10:26","date_gmt":"2024-11-29T09:10:26","guid":{"rendered":"https:\/\/www.danubiobebe.com\/blog\/?p=1538"},"modified":"2024-11-29T09:18:18","modified_gmt":"2024-11-29T09:18:18","slug":"consejos-y-productos-cuidado-bebe-invierno-2024","status":"publish","type":"post","link":"https:\/\/www.danubiobebe.com\/blog\/consejos-y-productos-cuidado-bebe-invierno-2024\/","title":{"rendered":"Los mejores consejos y productos para cuidar a tu beb\u00e9 en invierno 2024"},"content":{"rendered":"\n<p><\/p>\n\n\n\n<p>Con la llegada del invierno es fundamental tomar medidas especiales para proteger a los m\u00e1s peque\u00f1os de la familia. En <strong>Danubio Beb\u00e9<\/strong> queremos asegurarnos de que tu beb\u00e9 est\u00e9 <strong>protegido y c\u00f3modo<\/strong> durante los d\u00edas m\u00e1s fr\u00edos.<\/p>\n\n\n\n<p>A continuaci\u00f3n, te compartimos algunas <strong>recomendaciones clave para el cuidado infantil en invierno,<\/strong> junto con los art\u00edculos indispensables para esta temporada.<\/p>\n\n\n\n<h2 class=\"wp-block-heading\"><strong>Nuestros mejores consejos para que tu beb\u00e9 est\u00e9 protegido este invierno<\/strong><\/h2>\n\n\n\n<ol class=\"wp-block-list\"><li><strong>V\u00edstele por capas: <\/strong>los beb\u00e9s no pueden regular su temperatura corporal tan eficientemente como los adultos, por lo que es importante vestirlos en capas. Opta por un body de algod\u00f3n o una camiseta de manga larga como capa base, seguido de un su\u00e9ter o chaqueta, y finalmente un abrigo o manta exterior que proteja contra el viento y la lluvia.<\/li><li><strong>Protege sus manos y pies:<\/strong> las extremidades de los beb\u00e9s son especialmente vulnerables al fr\u00edo. Aseg\u00farate de usar manoplas y calcetines gruesos para mantener sus manos y pies calientes. Es importante elegir tejidos suaves y transpirables que no irriten su piel sensible.<\/li><li><strong>Controla la temperatura de tu beb\u00e9:<\/strong> las orejas, la espalda y la nuca de nuestro beb\u00e9 puede servir como term\u00f3metro corporal para conocer su temperatura.<\/li><li><strong>Mant\u00e9n el ambiente c\u00e1lido<\/strong>: la temperatura ideal para la habitaci\u00f3n de un beb\u00e9 en invierno est\u00e1 entre los 18 y 21 grados Celsius.<\/li><li><strong>Mantener una humedad \u00f3ptima en la casa<\/strong>: mantener un adecuado nivel de humedad en el entorno contribuye a la eliminaci\u00f3n de las secreciones y previene la deshidrataci\u00f3n.<\/li><li><strong>Realiza los paseos en los momentos adecuados<\/strong>: durante el invierno, el mediod\u00eda generalmente se presenta como la ocasi\u00f3n perfecta para salir, ya que en ese momento el sol tiene mayor intensidad, proporciona una mayor iluminaci\u00f3n y las temperaturas son m\u00e1s amenas.<\/li><li><strong>Evita el sobrecalentamiento<\/strong>: aunque el fr\u00edo puede ser una preocupaci\u00f3n, es igualmente importante evitar que tu beb\u00e9 se sobrecaliente. Si el beb\u00e9 est\u00e1 sudando o tiene la piel caliente, retira una capa de ropa.<\/li><\/ol>\n\n\n\n<h2 class=\"wp-block-heading\">Nuestra selecci\u00f3n de productos para cuidar a tu beb\u00e9 este invierno<\/h2>\n\n\n\n<p>En Danubio Beb\u00e9 nos esforzamos por seleccionar cuidadosamente los productos que ofrecen el <strong>calor y la seguridad<\/strong> que tus beb\u00e9s necesitan durante los d\u00edas fr\u00edos de esta temporada.<\/p>\n\n\n\n<p>Aqu\u00ed te presentamos nuestra <strong>selecci\u00f3n de art\u00edculos imprescindibles<\/strong> para el invierno 2024, dise\u00f1ados para asegurar el bienestar de tu beb\u00e9 y ayudarte a disfrutar del invierno sin preocupaciones. Con estos productos, podr\u00e1s mantener a tu peque\u00f1o abrigado, c\u00f3modo y protegido durante los meses m\u00e1s fr\u00edos.<\/p>\n\n\n\n<div class=\"wp-block-columns is-layout-flex wp-container-core-columns-is-layout-9d6595d7 wp-block-columns-is-layout-flex\">\n<div class=\"wp-block-column is-layout-flow wp-block-column-is-layout-flow\">\n<p><a href=\"https:\/\/www.danubiobebe.com\/es\/a-dormir\/2321-manta-de-cuna-dpeques-bordada-oso-lazo.html#\/134-color-rosa\" target=\"_blank\" rel=\"noreferrer noopener\"><strong>MANTA DE CUNA D&#8217;PEQUES BORDADA OSO LAZO<\/strong><\/a><\/p>\n\n\n\n<p>Esta manta de cuna, suave y c\u00e1lida, est\u00e1 confeccionada en terciopelo, creando un ambiente acogedor para tu beb\u00e9. Perfecta para protegerlo del fr\u00edo, su textura suave y confortable asegura calidez y bienestar durante el descanso.<\/p>\n\n\n\n<div class=\"wp-block-columns is-layout-flex wp-container-core-columns-is-layout-9d6595d7 wp-block-columns-is-layout-flex\">\n<div class=\"wp-block-column is-layout-flow wp-block-column-is-layout-flow\" style=\"flex-basis:100%\">\n<div class=\"wp-block-image\"><figure class=\"aligncenter size-large\"><a href=\"https:\/\/www.danubiobebe.com\/es\/a-dormir\/2321-manta-de-cuna-dpeques-bordada-oso-lazo.html#\/134-color-rosa\" target=\"_blank\" rel=\"noopener\"><img loading=\"lazy\" decoding=\"async\" width=\"800\" height=\"889\" src=\"https:\/\/www.danubiobebe.com\/blog\/wp-content\/uploads\/2024\/11\/manta-de-cuna-dpeques-bordada-oso-lazo.jpg\" alt=\"manta-de-cuna-peques\" class=\"wp-image-1559\" srcset=\"https:\/\/www.danubiobebe.com\/blog\/wp-content\/uploads\/2024\/11\/manta-de-cuna-dpeques-bordada-oso-lazo.jpg 800w, https:\/\/www.danubiobebe.com\/blog\/wp-content\/uploads\/2024\/11\/manta-de-cuna-dpeques-bordada-oso-lazo-270x300.jpg 270w, https:\/\/www.danubiobebe.com\/blog\/wp-content\/uploads\/2024\/11\/manta-de-cuna-dpeques-bordada-oso-lazo-768x853.jpg 768w\" sizes=\"auto, (max-width: 800px) 100vw, 800px\" \/><\/a><\/figure><\/div>\n<\/div>\n<\/div>\n\n\n\n<div class=\"wp-block-buttons is-content-justification-center is-layout-flex wp-block-buttons-is-layout-flex\">\n<div class=\"wp-block-button is-style-fill\"><a class=\"wp-block-button__link has-black-color has-pale-cyan-blue-background-color has-text-color has-background\" href=\"https:\/\/www.danubiobebe.com\/es\/a-dormir\/2321-manta-de-cuna-dpeques-bordada-oso-lazo.html#\/134-color-rosa\" style=\"border-radius:50px\" target=\"_blank\" rel=\"noreferrer noopener\">Ver m\u00e1s<\/a><\/div>\n<\/div>\n<\/div>\n\n\n\n<div class=\"wp-block-column is-layout-flow wp-block-column-is-layout-flow\">\n<p><a rel=\"noreferrer noopener\" href=\"https:\/\/www.danubiobebe.com\/es\/a-pasear-\/2160-saco-de-silla-jane-nest.html#\/78-color-u08_forest_green\" target=\"_blank\"><strong>SACO DE SILLA JANE NEST<\/strong><\/a><\/p>\n\n\n\n<p>El saco Jane Nest ofrece comodidad y protecci\u00f3n para tu beb\u00e9 gracias a su cremallera central y lateral, que facilita un acceso r\u00e1pido. El interior de polar mantiene al beb\u00e9 caliente, mientras que el exterior es resistente al agua y protege del viento. <\/p>\n\n\n\n<div class=\"wp-block-columns is-layout-flex wp-container-core-columns-is-layout-9d6595d7 wp-block-columns-is-layout-flex\">\n<div class=\"wp-block-column is-layout-flow wp-block-column-is-layout-flow\" style=\"flex-basis:100%\">\n<div class=\"wp-block-image\"><figure class=\"aligncenter size-full\"><a href=\"https:\/\/www.danubiobebe.com\/es\/a-pasear-\/2160-saco-de-silla-jane-nest.html#\/78-color-u08_forest_green\" target=\"_blank\" rel=\"noopener\"><img loading=\"lazy\" decoding=\"async\" width=\"800\" height=\"889\" src=\"https:\/\/www.danubiobebe.com\/blog\/wp-content\/uploads\/2023\/02\/saco-de-silla-jane-nest.jpeg\" alt=\"\" class=\"wp-image-1103\" srcset=\"https:\/\/www.danubiobebe.com\/blog\/wp-content\/uploads\/2023\/02\/saco-de-silla-jane-nest.jpeg 800w, https:\/\/www.danubiobebe.com\/blog\/wp-content\/uploads\/2023\/02\/saco-de-silla-jane-nest-270x300.jpeg 270w, https:\/\/www.danubiobebe.com\/blog\/wp-content\/uploads\/2023\/02\/saco-de-silla-jane-nest-768x853.jpeg 768w\" sizes=\"auto, (max-width: 800px) 100vw, 800px\" \/><\/a><\/figure><\/div>\n<\/div>\n<\/div>\n\n\n\n<div class=\"wp-block-buttons is-content-justification-center is-layout-flex wp-block-buttons-is-layout-flex\">\n<div class=\"wp-block-button is-style-fill\"><a class=\"wp-block-button__link has-black-color has-pale-cyan-blue-background-color has-text-color has-background\" href=\"https:\/\/www.danubiobebe.com\/es\/a-pasear-\/2160-saco-de-silla-jane-nest.html#\/78-color-u08_forest_green\" style=\"border-radius:50px\" target=\"_blank\" rel=\"noreferrer noopener\">Ver m\u00e1s<\/a><\/div>\n<\/div>\n<\/div>\n<\/div>\n\n\n\n<div class=\"wp-block-columns is-layout-flex wp-container-core-columns-is-layout-9d6595d7 wp-block-columns-is-layout-flex\">\n<div class=\"wp-block-column is-layout-flow wp-block-column-is-layout-flow\">\n<p><a rel=\"noreferrer noopener\" href=\"https:\/\/www.danubiobebe.com\/es\/a-dormir\/25413-edredonprotector-de-cuna-petit-praia-etoile.html#\/1105-color-azul_noche\" target=\"_blank\"><strong>EDREDON+PROTECTOR DE CUNA PETIT PRAIA ETOILE<\/strong><\/a><\/p>\n\n\n\n<p>Este edred\u00f3n para cuna, de suave algod\u00f3n, proporciona una excelente calidez y confort al beb\u00e9. Su relleno n\u00f3rdico lo hace perfecto para mantener una temperatura agradable durante el sue\u00f1o. Ideal para crear un espacio c\u00f3modo y calido.<\/p>\n\n\n\n<div class=\"wp-block-columns is-layout-flex wp-container-core-columns-is-layout-9d6595d7 wp-block-columns-is-layout-flex\">\n<div class=\"wp-block-column is-layout-flow wp-block-column-is-layout-flow\">\n<figure class=\"wp-block-image size-large\"><a href=\"https:\/\/www.danubiobebe.com\/es\/a-dormir\/25413-edredonprotector-de-cuna-petit-praia-etoile.html#\/1105-color-azul_noche\" target=\"_blank\" rel=\"noopener\"><img loading=\"lazy\" decoding=\"async\" width=\"800\" height=\"889\" src=\"https:\/\/www.danubiobebe.com\/blog\/wp-content\/uploads\/2023\/02\/edredonprotector-de-cuna-petit-praia-etoile.jpeg\" alt=\"\" class=\"wp-image-1111\" srcset=\"https:\/\/www.danubiobebe.com\/blog\/wp-content\/uploads\/2023\/02\/edredonprotector-de-cuna-petit-praia-etoile.jpeg 800w, https:\/\/www.danubiobebe.com\/blog\/wp-content\/uploads\/2023\/02\/edredonprotector-de-cuna-petit-praia-etoile-270x300.jpeg 270w, https:\/\/www.danubiobebe.com\/blog\/wp-content\/uploads\/2023\/02\/edredonprotector-de-cuna-petit-praia-etoile-768x853.jpeg 768w\" sizes=\"auto, (max-width: 800px) 100vw, 800px\" \/><\/a><\/figure>\n<\/div>\n<\/div>\n\n\n\n<div class=\"wp-block-buttons is-content-justification-center is-layout-flex wp-block-buttons-is-layout-flex\">\n<div class=\"wp-block-button is-style-fill\"><a class=\"wp-block-button__link has-black-color has-pale-cyan-blue-background-color has-text-color has-background\" href=\"https:\/\/www.danubiobebe.com\/es\/a-dormir\/25413-edredonprotector-de-cuna-petit-praia-etoile.html#\/1105-color-azul_noche\" style=\"border-radius:47px\" target=\"_blank\" rel=\"noreferrer noopener\">Ver m\u00e1s<\/a><\/div>\n<\/div>\n<\/div>\n\n\n\n<div class=\"wp-block-column is-layout-flow wp-block-column-is-layout-flow\">\n<p><a rel=\"noreferrer noopener\" href=\"https:\/\/www.danubiobebe.com\/es\/a-pasear-\/26487-saco-de-cuco-2-en-1-walking-mum-tulum-invierno-8410446002193.html\" target=\"_blank\"><strong>SACO DE CUCO 2 EN 1 WALKING MUM TULUM INVIERNO<\/strong><\/a><\/p>\n\n\n\n<p>Este saco Tulum, ideal para cuco y portabeb\u00e9, mantiene a tu beb\u00e9 abrigado y c\u00f3modo durante el invierno, con material exterior impermeable y forro interior suave, f\u00e1cil de adaptar a la mayor\u00eda de los portabeb\u00e9s.<\/p>\n\n\n\n<div class=\"wp-block-columns is-layout-flex wp-container-core-columns-is-layout-9d6595d7 wp-block-columns-is-layout-flex\">\n<div class=\"wp-block-column is-layout-flow wp-block-column-is-layout-flow\">\n<figure class=\"wp-block-image size-large\"><a href=\"https:\/\/www.danubiobebe.com\/es\/a-pasear-\/26487-saco-de-cuco-2-en-1-walking-mum-tulum-invierno-8410446002193.html\" target=\"_blank\" rel=\"noopener\"><img loading=\"lazy\" decoding=\"async\" width=\"800\" height=\"889\" src=\"https:\/\/www.danubiobebe.com\/blog\/wp-content\/uploads\/2024\/02\/saco-de-cuco-2-en-1-walking-mum-tulum-invierno.jpeg\" alt=\"\" class=\"wp-image-1325\" srcset=\"https:\/\/www.danubiobebe.com\/blog\/wp-content\/uploads\/2024\/02\/saco-de-cuco-2-en-1-walking-mum-tulum-invierno.jpeg 800w, https:\/\/www.danubiobebe.com\/blog\/wp-content\/uploads\/2024\/02\/saco-de-cuco-2-en-1-walking-mum-tulum-invierno-270x300.jpeg 270w, https:\/\/www.danubiobebe.com\/blog\/wp-content\/uploads\/2024\/02\/saco-de-cuco-2-en-1-walking-mum-tulum-invierno-768x853.jpeg 768w\" sizes=\"auto, (max-width: 800px) 100vw, 800px\" \/><\/a><\/figure>\n<\/div>\n<\/div>\n\n\n\n<div class=\"wp-block-buttons is-content-justification-center is-layout-flex wp-block-buttons-is-layout-flex\">\n<div class=\"wp-block-button is-style-fill\"><a class=\"wp-block-button__link has-black-color has-pale-cyan-blue-background-color has-text-color has-background\" href=\"https:\/\/www.danubiobebe.com\/es\/a-pasear-\/26487-saco-de-cuco-2-en-1-walking-mum-tulum-invierno-8410446002193.html\" style=\"border-radius:49px\" target=\"_blank\" rel=\"noreferrer noopener\">Ver m\u00e1s<\/a><\/div>\n<\/div>\n<\/div>\n<\/div>\n\n\n\n<div class=\"wp-block-columns is-layout-flex wp-container-core-columns-is-layout-9d6595d7 wp-block-columns-is-layout-flex\">\n<div class=\"wp-block-column is-layout-flow wp-block-column-is-layout-flow\">\n<p><a href=\"https:\/\/www.danubiobebe.com\/es\/a-banarse\/26538-termometro-miniland-thermoadvanced-easy.html\" target=\"_blank\" rel=\"noreferrer noopener\"><strong>TERMOMETRO MINILAND THERMOADVANCED EASY<\/strong><\/a><\/p>\n\n\n\n<p>El term\u00f3metro Miniland ThermoAdvanced Easy mide la temperatura de tu beb\u00e9 de forma r\u00e1pida, precisa y sin contacto, en tan solo 1 segundo. Ideal para toda la familia, permite medir no solo la temperatura corporal, sino tambi\u00e9n la de objetos, l\u00edquidos y el ambiente.<\/p>\n\n\n\n<div class=\"wp-block-columns is-layout-flex wp-container-core-columns-is-layout-9d6595d7 wp-block-columns-is-layout-flex\">\n<div class=\"wp-block-column is-layout-flow wp-block-column-is-layout-flow\" style=\"flex-basis:100%\">\n<div class=\"wp-block-columns is-layout-flex wp-container-core-columns-is-layout-9d6595d7 wp-block-columns-is-layout-flex\">\n<div class=\"wp-block-column is-layout-flow wp-block-column-is-layout-flow\">\n<figure class=\"wp-block-image size-large\"><a href=\"https:\/\/www.danubiobebe.com\/es\/a-banarse\/26538-termometro-miniland-thermoadvanced-easy.html\" target=\"_blank\" rel=\"noopener\"><img loading=\"lazy\" decoding=\"async\" width=\"800\" height=\"889\" src=\"https:\/\/www.danubiobebe.com\/blog\/wp-content\/uploads\/2023\/12\/termometro-miniland-thermoadvanced-pharma.jpg\" alt=\"\" class=\"wp-image-1297\" srcset=\"https:\/\/www.danubiobebe.com\/blog\/wp-content\/uploads\/2023\/12\/termometro-miniland-thermoadvanced-pharma.jpg 800w, https:\/\/www.danubiobebe.com\/blog\/wp-content\/uploads\/2023\/12\/termometro-miniland-thermoadvanced-pharma-270x300.jpg 270w, https:\/\/www.danubiobebe.com\/blog\/wp-content\/uploads\/2023\/12\/termometro-miniland-thermoadvanced-pharma-768x853.jpg 768w\" sizes=\"auto, (max-width: 800px) 100vw, 800px\" \/><\/a><\/figure>\n<\/div>\n<\/div>\n<\/div>\n<\/div>\n\n\n\n<div class=\"wp-block-buttons is-content-justification-center is-layout-flex wp-block-buttons-is-layout-flex\">\n<div class=\"wp-block-button is-style-fill\"><a class=\"wp-block-button__link has-black-color has-pale-cyan-blue-background-color has-text-color has-background\" href=\"https:\/\/www.danubiobebe.com\/es\/a-banarse\/26538-termometro-miniland-thermoadvanced-easy.html\" style=\"border-radius:49px\" target=\"_blank\" rel=\"noreferrer noopener\">Ver m\u00e1s<\/a><\/div>\n<\/div>\n<\/div>\n\n\n\n<div class=\"wp-block-column is-layout-flow wp-block-column-is-layout-flow\">\n<p><a href=\"https:\/\/www.danubiobebe.com\/es\/a-pasear-\/21437-burbuja-de-lluvia-inglesina-capazo-8029448074314.html\" target=\"_blank\" rel=\"noreferrer noopener\"><strong>BURBUJA DE LLUVIA INGLESINA CAPAZO<\/strong><\/a><\/p>\n\n\n\n<p>Protector integral para capazo, dise\u00f1ado para proteger a tu beb\u00e9 de las inclemencias meteorol\u00f3gicas. Cuenta con bordes el\u00e1sticos para un ajuste perfecto y una protecci\u00f3n total. Ideal para mantener a tu beb\u00e9 resguardado en cualquier situaci\u00f3n clim\u00e1tica.<\/p>\n\n\n\n<div class=\"wp-block-columns is-layout-flex wp-container-core-columns-is-layout-9d6595d7 wp-block-columns-is-layout-flex\">\n<div class=\"wp-block-column is-layout-flow wp-block-column-is-layout-flow\" style=\"flex-basis:100%\">\n<div class=\"wp-block-columns is-layout-flex wp-container-core-columns-is-layout-9d6595d7 wp-block-columns-is-layout-flex\">\n<div class=\"wp-block-column is-layout-flow wp-block-column-is-layout-flow\">\n<figure class=\"wp-block-image size-large\"><a href=\"https:\/\/www.danubiobebe.com\/es\/a-pasear-\/21437-burbuja-de-lluvia-inglesina-capazo-8029448074314.html\" target=\"_blank\" rel=\"noopener\"><img loading=\"lazy\" decoding=\"async\" width=\"800\" height=\"889\" src=\"https:\/\/www.danubiobebe.com\/blog\/wp-content\/uploads\/2024\/11\/burbuja-de-lluvia-inglesina-capazo.jpg\" alt=\"burbuja-de-lluvia-inglesina-capazo\" class=\"wp-image-1549\" srcset=\"https:\/\/www.danubiobebe.com\/blog\/wp-content\/uploads\/2024\/11\/burbuja-de-lluvia-inglesina-capazo.jpg 800w, https:\/\/www.danubiobebe.com\/blog\/wp-content\/uploads\/2024\/11\/burbuja-de-lluvia-inglesina-capazo-270x300.jpg 270w, https:\/\/www.danubiobebe.com\/blog\/wp-content\/uploads\/2024\/11\/burbuja-de-lluvia-inglesina-capazo-768x853.jpg 768w\" sizes=\"auto, (max-width: 800px) 100vw, 800px\" \/><\/a><\/figure>\n<\/div>\n<\/div>\n<\/div>\n<\/div>\n\n\n\n<div class=\"wp-block-buttons is-content-justification-center is-layout-flex wp-block-buttons-is-layout-flex\">\n<div class=\"wp-block-button is-style-fill\"><a class=\"wp-block-button__link has-black-color has-pale-cyan-blue-background-color has-text-color has-background\" href=\"https:\/\/www.danubiobebe.com\/es\/a-pasear-\/21437-burbuja-de-lluvia-inglesina-capazo-8029448074314.html\" style=\"border-radius:49px\" target=\"_blank\" rel=\"noreferrer noopener\">Ver m\u00e1s<\/a><\/div>\n<\/div>\n<\/div>\n<\/div>\n\n\n\n<p>\u00a1Si tienes alguna pregunta, no dudes en consultarnos! Puedes contactarnos a trav\u00e9s de nuestras redes sociales, en la web de<strong> <a rel=\"noreferrer noopener\" href=\"http:\/\/www.danubiobebe.com\" target=\"_blank\">Danubio Beb\u00e9<\/a><\/strong> o en nuestras tiendas f\u00edsicas de <a rel=\"noreferrer noopener\" href=\"https:\/\/www.google.com\/maps\/place\/Danubio+Bebe\/@36.433824,-6.14332,16z\/data=!4m5!3m4!1s0x0:0xa4c182b67fbd1d54!8m2!3d36.433824!4d-6.14332?hl=es-ES&amp;shorturl=1\" target=\"_blank\"><strong>Chiclana<\/strong><\/a> y <a rel=\"noreferrer noopener\" href=\"https:\/\/maps.app.goo.gl\/QapkEehpv3CLpv636\" target=\"_blank\"><strong>Los Barrios<\/strong><\/a>.<\/p>\n\n\n\n<div style=\"height:20px\" aria-hidden=\"true\" class=\"wp-block-spacer\"><\/div>\n\n\n","protected":false},"excerpt":{"rendered":"<p>Con la llegada del invierno es fundamental tomar medidas especiales para proteger a los m\u00e1s peque\u00f1os de la familia. En Danubio Beb\u00e9 queremos asegurarnos de que tu beb\u00e9 est\u00e9 protegido y c\u00f3modo durante los d\u00edas m\u00e1s fr\u00edos. A continuaci\u00f3n, te compartimos algunas recomendaciones clave para el cuidado infantil en invierno, junto con los art\u00edculos indispensables [&hellip;]<\/p>\n","protected":false},"author":4,"featured_media":1540,"comment_status":"open","ping_status":"open","sticky":false,"template":"","format":"standard","meta":{"footnotes":""},"categories":[3],"tags":[],"class_list":["post-1538","post","type-post","status-publish","format-standard","has-post-thumbnail","hentry","category-consejos"],"yoast_head":"<!-- This site is optimized with the Yoast SEO plugin v26.6 - https:\/\/yoast.com\/wordpress\/plugins\/seo\/ -->\n<title>Consejos y productos para beb\u00e9 | Invierno 2024 | Danubio Beb\u00e9<\/title>\n<meta name=\"description\" content=\"Descubre los mejores consejos y productos para cuidar a tu beb\u00e9 durante el invierno 2024. Mant\u00e9n a tu peque\u00f1o protegido con nuestras recomendaciones\" \/>\n<meta name=\"robots\" content=\"index, follow, max-snippet:-1, max-image-preview:large, max-video-preview:-1\" \/>\n<link rel=\"canonical\" href=\"https:\/\/www.danubiobebe.com\/blog\/consejos-y-productos-cuidado-bebe-invierno-2024\/\" \/>\n<meta property=\"og:locale\" content=\"es_ES\" \/>\n<meta property=\"og:type\" content=\"article\" \/>\n<meta property=\"og:title\" content=\"Consejos y productos para beb\u00e9 | Invierno 2024 | Danubio Beb\u00e9\" \/>\n<meta property=\"og:description\" content=\"Descubre los mejores consejos y productos para cuidar a tu beb\u00e9 durante el invierno 2024. Mant\u00e9n a tu peque\u00f1o protegido con nuestras recomendaciones\" \/>\n<meta property=\"og:url\" content=\"https:\/\/www.danubiobebe.com\/blog\/consejos-y-productos-cuidado-bebe-invierno-2024\/\" \/>\n<meta property=\"og:site_name\" content=\"Danubio blog\" \/>\n<meta property=\"article:publisher\" content=\"https:\/\/www.facebook.com\/danubio.bebe\/\" \/>\n<meta property=\"article:published_time\" content=\"2024-11-29T09:10:26+00:00\" \/>\n<meta property=\"article:modified_time\" content=\"2024-11-29T09:18:18+00:00\" \/>\n<meta property=\"og:image\" content=\"https:\/\/www.danubiobebe.com\/blog\/wp-content\/uploads\/2024\/11\/cuidado-bebe-invierno-2024.jpg\" \/>\n\t<meta property=\"og:image:width\" content=\"800\" \/>\n\t<meta property=\"og:image:height\" content=\"534\" \/>\n\t<meta property=\"og:image:type\" content=\"image\/jpeg\" \/>\n<meta name=\"author\" content=\"Danubio Beb\u00e9\" \/>\n<meta name=\"twitter:card\" content=\"summary_large_image\" \/>\n<meta name=\"twitter:creator\" content=\"@danubiobebe\" \/>\n<meta name=\"twitter:site\" content=\"@danubiobebe\" \/>\n<meta name=\"twitter:label1\" content=\"Escrito por\" \/>\n\t<meta name=\"twitter:data1\" content=\"Danubio Beb\u00e9\" \/>\n\t<meta name=\"twitter:label2\" content=\"Tiempo de lectura\" \/>\n\t<meta name=\"twitter:data2\" content=\"4 minutos\" \/>\n<script type=\"application\/ld+json\" class=\"yoast-schema-graph\">{\"@context\":\"https:\/\/schema.org\",\"@graph\":[{\"@type\":\"WebPage\",\"@id\":\"https:\/\/www.danubiobebe.com\/blog\/consejos-y-productos-cuidado-bebe-invierno-2024\/\",\"url\":\"https:\/\/www.danubiobebe.com\/blog\/consejos-y-productos-cuidado-bebe-invierno-2024\/\",\"name\":\"Consejos y productos para beb\u00e9 | Invierno 2024 | Danubio Beb\u00e9\",\"isPartOf\":{\"@id\":\"https:\/\/www.danubiobebe.com\/blog\/#website\"},\"primaryImageOfPage\":{\"@id\":\"https:\/\/www.danubiobebe.com\/blog\/consejos-y-productos-cuidado-bebe-invierno-2024\/#primaryimage\"},\"image\":{\"@id\":\"https:\/\/www.danubiobebe.com\/blog\/consejos-y-productos-cuidado-bebe-invierno-2024\/#primaryimage\"},\"thumbnailUrl\":\"https:\/\/www.danubiobebe.com\/blog\/wp-content\/uploads\/2024\/11\/cuidado-bebe-invierno-2024.jpg\",\"datePublished\":\"2024-11-29T09:10:26+00:00\",\"dateModified\":\"2024-11-29T09:18:18+00:00\",\"author\":{\"@id\":\"https:\/\/www.danubiobebe.com\/blog\/#\/schema\/person\/2783880c335e1e9639139bafa815ba50\"},\"description\":\"Descubre los mejores consejos y productos para cuidar a tu beb\u00e9 durante el invierno 2024. Mant\u00e9n a tu peque\u00f1o protegido con nuestras recomendaciones\",\"breadcrumb\":{\"@id\":\"https:\/\/www.danubiobebe.com\/blog\/consejos-y-productos-cuidado-bebe-invierno-2024\/#breadcrumb\"},\"inLanguage\":\"es\",\"potentialAction\":[{\"@type\":\"ReadAction\",\"target\":[\"https:\/\/www.danubiobebe.com\/blog\/consejos-y-productos-cuidado-bebe-invierno-2024\/\"]}]},{\"@type\":\"ImageObject\",\"inLanguage\":\"es\",\"@id\":\"https:\/\/www.danubiobebe.com\/blog\/consejos-y-productos-cuidado-bebe-invierno-2024\/#primaryimage\",\"url\":\"https:\/\/www.danubiobebe.com\/blog\/wp-content\/uploads\/2024\/11\/cuidado-bebe-invierno-2024.jpg\",\"contentUrl\":\"https:\/\/www.danubiobebe.com\/blog\/wp-content\/uploads\/2024\/11\/cuidado-bebe-invierno-2024.jpg\",\"width\":800,\"height\":534,\"caption\":\"Los mejores consejos y productos para cuidar a tu beb\u00e9 en invierno 2024. Portada\"},{\"@type\":\"BreadcrumbList\",\"@id\":\"https:\/\/www.danubiobebe.com\/blog\/consejos-y-productos-cuidado-bebe-invierno-2024\/#breadcrumb\",\"itemListElement\":[{\"@type\":\"ListItem\",\"position\":1,\"name\":\"Portada\",\"item\":\"https:\/\/www.danubiobebe.com\/blog\/\"},{\"@type\":\"ListItem\",\"position\":2,\"name\":\"Los mejores consejos y productos para cuidar a tu beb\u00e9 en invierno 2024\"}]},{\"@type\":\"WebSite\",\"@id\":\"https:\/\/www.danubiobebe.com\/blog\/#website\",\"url\":\"https:\/\/www.danubiobebe.com\/blog\/\",\"name\":\"Danubio blog\",\"description\":\"Toda la actualidad en el mundo del beb\u00e9\",\"potentialAction\":[{\"@type\":\"SearchAction\",\"target\":{\"@type\":\"EntryPoint\",\"urlTemplate\":\"https:\/\/www.danubiobebe.com\/blog\/?s={search_term_string}\"},\"query-input\":{\"@type\":\"PropertyValueSpecification\",\"valueRequired\":true,\"valueName\":\"search_term_string\"}}],\"inLanguage\":\"es\"},{\"@type\":\"Person\",\"@id\":\"https:\/\/www.danubiobebe.com\/blog\/#\/schema\/person\/2783880c335e1e9639139bafa815ba50\",\"name\":\"Danubio Beb\u00e9\",\"url\":\"https:\/\/www.danubiobebe.com\/blog\/author\/chari\/\"}]}<\/script>\n<!-- \/ Yoast SEO plugin. -->","yoast_head_json":{"title":"Consejos y productos para beb\u00e9 | Invierno 2024 | Danubio Beb\u00e9","description":"Descubre los mejores consejos y productos para cuidar a tu beb\u00e9 durante el invierno 2024. Mant\u00e9n a tu peque\u00f1o protegido con nuestras recomendaciones","robots":{"index":"index","follow":"follow","max-snippet":"max-snippet:-1","max-image-preview":"max-image-preview:large","max-video-preview":"max-video-preview:-1"},"canonical":"https:\/\/www.danubiobebe.com\/blog\/consejos-y-productos-cuidado-bebe-invierno-2024\/","og_locale":"es_ES","og_type":"article","og_title":"Consejos y productos para beb\u00e9 | Invierno 2024 | Danubio Beb\u00e9","og_description":"Descubre los mejores consejos y productos para cuidar a tu beb\u00e9 durante el invierno 2024. Mant\u00e9n a tu peque\u00f1o protegido con nuestras recomendaciones","og_url":"https:\/\/www.danubiobebe.com\/blog\/consejos-y-productos-cuidado-bebe-invierno-2024\/","og_site_name":"Danubio blog","article_publisher":"https:\/\/www.facebook.com\/danubio.bebe\/","article_published_time":"2024-11-29T09:10:26+00:00","article_modified_time":"2024-11-29T09:18:18+00:00","og_image":[{"width":800,"height":534,"url":"https:\/\/www.danubiobebe.com\/blog\/wp-content\/uploads\/2024\/11\/cuidado-bebe-invierno-2024.jpg","type":"image\/jpeg"}],"author":"Danubio Beb\u00e9","twitter_card":"summary_large_image","twitter_creator":"@danubiobebe","twitter_site":"@danubiobebe","twitter_misc":{"Escrito por":"Danubio Beb\u00e9","Tiempo de lectura":"4 minutos"},"schema":{"@context":"https:\/\/schema.org","@graph":[{"@type":"WebPage","@id":"https:\/\/www.danubiobebe.com\/blog\/consejos-y-productos-cuidado-bebe-invierno-2024\/","url":"https:\/\/www.danubiobebe.com\/blog\/consejos-y-productos-cuidado-bebe-invierno-2024\/","name":"Consejos y productos para beb\u00e9 | Invierno 2024 | Danubio Beb\u00e9","isPartOf":{"@id":"https:\/\/www.danubiobebe.com\/blog\/#website"},"primaryImageOfPage":{"@id":"https:\/\/www.danubiobebe.com\/blog\/consejos-y-productos-cuidado-bebe-invierno-2024\/#primaryimage"},"image":{"@id":"https:\/\/www.danubiobebe.com\/blog\/consejos-y-productos-cuidado-bebe-invierno-2024\/#primaryimage"},"thumbnailUrl":"https:\/\/www.danubiobebe.com\/blog\/wp-content\/uploads\/2024\/11\/cuidado-bebe-invierno-2024.jpg","datePublished":"2024-11-29T09:10:26+00:00","dateModified":"2024-11-29T09:18:18+00:00","author":{"@id":"https:\/\/www.danubiobebe.com\/blog\/#\/schema\/person\/2783880c335e1e9639139bafa815ba50"},"description":"Descubre los mejores consejos y productos para cuidar a tu beb\u00e9 durante el invierno 2024. Mant\u00e9n a tu peque\u00f1o protegido con nuestras recomendaciones","breadcrumb":{"@id":"https:\/\/www.danubiobebe.com\/blog\/consejos-y-productos-cuidado-bebe-invierno-2024\/#breadcrumb"},"inLanguage":"es","potentialAction":[{"@type":"ReadAction","target":["https:\/\/www.danubiobebe.com\/blog\/consejos-y-productos-cuidado-bebe-invierno-2024\/"]}]},{"@type":"ImageObject","inLanguage":"es","@id":"https:\/\/www.danubiobebe.com\/blog\/consejos-y-productos-cuidado-bebe-invierno-2024\/#primaryimage","url":"https:\/\/www.danubiobebe.com\/blog\/wp-content\/uploads\/2024\/11\/cuidado-bebe-invierno-2024.jpg","contentUrl":"https:\/\/www.danubiobebe.com\/blog\/wp-content\/uploads\/2024\/11\/cuidado-bebe-invierno-2024.jpg","width":800,"height":534,"caption":"Los mejores consejos y productos para cuidar a tu beb\u00e9 en invierno 2024. Portada"},{"@type":"BreadcrumbList","@id":"https:\/\/www.danubiobebe.com\/blog\/consejos-y-productos-cuidado-bebe-invierno-2024\/#breadcrumb","itemListElement":[{"@type":"ListItem","position":1,"name":"Portada","item":"https:\/\/www.danubiobebe.com\/blog\/"},{"@type":"ListItem","position":2,"name":"Los mejores consejos y productos para cuidar a tu beb\u00e9 en invierno 2024"}]},{"@type":"WebSite","@id":"https:\/\/www.danubiobebe.com\/blog\/#website","url":"https:\/\/www.danubiobebe.com\/blog\/","name":"Danubio blog","description":"Toda la actualidad en el mundo del beb\u00e9","potentialAction":[{"@type":"SearchAction","target":{"@type":"EntryPoint","urlTemplate":"https:\/\/www.danubiobebe.com\/blog\/?s={search_term_string}"},"query-input":{"@type":"PropertyValueSpecification","valueRequired":true,"valueName":"search_term_string"}}],"inLanguage":"es"},{"@type":"Person","@id":"https:\/\/www.danubiobebe.com\/blog\/#\/schema\/person\/2783880c335e1e9639139bafa815ba50","name":"Danubio Beb\u00e9","url":"https:\/\/www.danubiobebe.com\/blog\/author\/chari\/"}]}},"_links":{"self":[{"href":"https:\/\/www.danubiobebe.com\/blog\/wp-json\/wp\/v2\/posts\/1538","targetHints":{"allow":["GET"]}}],"collection":[{"href":"https:\/\/www.danubiobebe.com\/blog\/wp-json\/wp\/v2\/posts"}],"about":[{"href":"https:\/\/www.danubiobebe.com\/blog\/wp-json\/wp\/v2\/types\/post"}],"author":[{"embeddable":true,"href":"https:\/\/www.danubiobebe.com\/blog\/wp-json\/wp\/v2\/users\/4"}],"replies":[{"embeddable":true,"href":"https:\/\/www.danubiobebe.com\/blog\/wp-json\/wp\/v2\/comments?post=1538"}],"version-history":[{"count":20,"href":"https:\/\/www.danubiobebe.com\/blog\/wp-json\/wp\/v2\/posts\/1538\/revisions"}],"predecessor-version":[{"id":1562,"href":"https:\/\/www.danubiobebe.com\/blog\/wp-json\/wp\/v2\/posts\/1538\/revisions\/1562"}],"wp:featuredmedia":[{"embeddable":true,"href":"https:\/\/www.danubiobebe.com\/blog\/wp-json\/wp\/v2\/media\/1540"}],"wp:attachment":[{"href":"https:\/\/www.danubiobebe.com\/blog\/wp-json\/wp\/v2\/media?parent=1538"}],"wp:term":[{"taxonomy":"category","embeddable":true,"href":"https:\/\/www.danubiobebe.com\/blog\/wp-json\/wp\/v2\/categories?post=1538"},{"taxonomy":"post_tag","embeddable":true,"href":"https:\/\/www.danubiobebe.com\/blog\/wp-json\/wp\/v2\/tags?post=1538"}],"curies":[{"name":"wp","href":"https:\/\/api.w.org\/{rel}","templated":true}]}}