{"id":1416,"date":"2025-06-02T09:10:00","date_gmt":"2025-06-02T09:10:00","guid":{"rendered":"https:\/\/www.danubiobebe.com\/blog\/?p=1416"},"modified":"2025-08-13T11:50:00","modified_gmt":"2025-08-13T11:50:00","slug":"cuidados-recien-nacido-verano","status":"publish","type":"post","link":"https:\/\/www.danubiobebe.com\/blog\/cuidados-recien-nacido-verano\/","title":{"rendered":"Cuidados para un reci\u00e9n nacido en verano"},"content":{"rendered":"\n<div style=\"height:20px\" aria-hidden=\"true\" class=\"wp-block-spacer\"><\/div>\n\n\n\n<p>Con la llegada del verano, es fundamental prestar atenci\u00f3n a los cuidados de tu beb\u00e9 para asegurar su bienestar durante los d\u00edas calurosos. En <strong>Danubio Beb\u00e9<\/strong>, te ofrecemos los mejores consejos y recomendaciones para mantener a tu peque\u00f1o fresco, protegido y c\u00f3modo en esta temporada.<\/p>\n\n\n\n<p><strong>\u00a1Sigue leyendo y descubre c\u00f3mo disfrutar del verano con tu beb\u00e9 de manera segura y divertida!<\/strong><\/p>\n\n\n\n<div class=\"wp-block-image\"><figure class=\"aligncenter size-large\"><img loading=\"lazy\" decoding=\"async\" width=\"800\" height=\"534\" src=\"https:\/\/www.danubiobebe.com\/blog\/wp-content\/uploads\/2024\/06\/portada_noticia.png\" alt=\"cuidados bebe verano\" class=\"wp-image-1425\" srcset=\"https:\/\/www.danubiobebe.com\/blog\/wp-content\/uploads\/2024\/06\/portada_noticia.png 800w, https:\/\/www.danubiobebe.com\/blog\/wp-content\/uploads\/2024\/06\/portada_noticia-300x200.png 300w, https:\/\/www.danubiobebe.com\/blog\/wp-content\/uploads\/2024\/06\/portada_noticia-768x513.png 768w\" sizes=\"auto, (max-width: 800px) 100vw, 800px\" \/><\/figure><\/div>\n\n\n\n<h3 class=\"wp-block-heading\">\u00bfC\u00f3mo vestir a tu beb\u00e9 en verano?<\/h3>\n\n\n\n<p>Para vestir a tu peque\u00f1o en esta \u00e9poca de calor, debes optar por <strong>ropa ligera <\/strong>y <strong>transpirable hecha de algod\u00f3n. <\/strong>Este material ayuda a mantener la piel de tu beb\u00e9 fresca y reduce las irritaciones.<\/p>\n\n\n\n<p>Tambi\u00e9n debes evitar el exceso de ropa. Con un body ligero suele ser suficiente.<\/p>\n\n\n\n<h3 class=\"wp-block-heading\">La hidrataci\u00f3n del beb\u00e9 en verano<\/h3>\n\n\n\n<p>Como sabemos, la <strong>lactancia materna<\/strong> es <strong>crucial<\/strong> para mantener a tu beb\u00e9 hidratado. El pecho no solo alimenta, sino que tambi\u00e9n les proporciona la cantidad necesaria de agua. Adem\u00e1s, la leche materna contiene todos los nutrientes esenciales para que tu beb\u00e9 crezca sano y fuerte.<\/p>\n\n\n\n<h3 class=\"wp-block-heading\">Signos de deshidrataci\u00f3n<\/h3>\n\n\n\n<h5 class=\"wp-block-heading\">Labios secos<\/h5>\n\n\n\n<p>Si notas que los labios de tu beb\u00e9 est\u00e1n secos o agrietados, puede ser un indicio de que no tiene suficiente hidrataci\u00f3n.<\/p>\n\n\n\n<h5 class=\"wp-block-heading\">Menos pa\u00f1ales mojados<\/h5>\n\n\n\n<p>Un beb\u00e9 bien hidratado moja los pa\u00f1ales varias veces al d\u00eda. Si notas que moja menos, puede ser un signo de alerta<\/p>\n\n\n\n<h5 class=\"wp-block-heading\">Orina oscura<\/h5>\n\n\n\n<p>La orina de un beb\u00e9 debe ser de color claro. Si el color se vuelve m\u00e1s oscuro de lo normal, puede indicar una falta de l\u00edquidos.<\/p>\n\n\n\n<div class=\"wp-block-columns is-layout-flex wp-container-core-columns-is-layout-9d6595d7 wp-block-columns-is-layout-flex\">\n<div class=\"wp-block-column is-vertically-aligned-top is-layout-flow wp-block-column-is-layout-flow\">\n<p>Para todos estos casos, la prevenci\u00f3n es lo mejor. Por ello, te recomendamos llevar siempre contigo el <strong>Biber\u00f3n Zero Zero de Suavinex de 180 ml<\/strong>, donde puedes guardar <strong>todo lo necesario<\/strong> para que tu beb\u00e9 est\u00e9 hidratado fuera de casa.<\/p>\n<\/div>\n\n\n\n<div class=\"wp-block-column is-layout-flow wp-block-column-is-layout-flow\" style=\"flex-basis:35%\">\n<div class=\"wp-block-image\"><figure class=\"aligncenter size-large\"><a href=\"https:\/\/www.danubiobebe.com\/es\/a-comer\/24738-set-de-iniciacion-suavinex-biberon-zero-zero-180ml-4202012500001.html\"><img decoding=\"async\" src=\"https:\/\/www.danubiobebe.com\/blog\/wp-content\/uploads\/2025\/08\/set-de-iniciacion-suavinex-biberon-zero-zero-180ml-3.jpg\" alt=\"\" class=\"wp-image-2035\" width=\"NaN\" height=\"NaN\" srcset=\"https:\/\/www.danubiobebe.com\/blog\/wp-content\/uploads\/2025\/08\/set-de-iniciacion-suavinex-biberon-zero-zero-180ml-3.jpg 800w, https:\/\/www.danubiobebe.com\/blog\/wp-content\/uploads\/2025\/08\/set-de-iniciacion-suavinex-biberon-zero-zero-180ml-3-270x300.jpg 270w, https:\/\/www.danubiobebe.com\/blog\/wp-content\/uploads\/2025\/08\/set-de-iniciacion-suavinex-biberon-zero-zero-180ml-3-768x853.jpg 768w\" sizes=\"(max-width: 800px) 100vw, 800px\" \/><\/a><\/figure><\/div>\n\n\n\n<div class=\"wp-block-buttons is-content-justification-center is-layout-flex wp-block-buttons-is-layout-flex\">\n<div class=\"wp-block-button has-custom-width wp-block-button__width-100\"><a class=\"wp-block-button__link has-white-color has-text-color has-background no-border-radius\" href=\"https:\/\/www.danubiobebe.com\/es\/a-comer\/24738-set-de-iniciacion-suavinex-biberon-zero-zero-180ml-4202012500001.html\" style=\"background-color:#e27f28\">M\u00e1s detalles <\/a><\/div>\n<\/div>\n<\/div>\n<\/div>\n\n\n\n<h2 class=\"wp-block-heading\">Cuidado con el sol<\/h2>\n\n\n\n<p>La piel de tu beb\u00e9 es muy sensible y vulnerable a los da\u00f1os que causa el sol en comparaci\u00f3n con la piel adulta. Los rayos ultravioleta (UV) pueden causar quemaduras y da\u00f1os a largo plazo, como el <strong>riesgo de c\u00e1ncer de piel. <\/strong>Por ello es muy importante proteger adecuadamente a los beb\u00e9s cuando est\u00e1n al aire libre.<\/p>\n\n\n\n<p>Por ello, es fundamental el <strong>uso <\/strong>de <strong>sombreros<\/strong>,<strong> ropa adecuada<\/strong> y sobre todo, <strong>cremas protectoras<\/strong>, ya que estas son la \u00faltima barrera de protecci\u00f3n entre tu beb\u00e9 y el sol.<\/p>\n\n\n\n<p>Debes elegir un <strong>protector solar espec\u00edfico para beb\u00e9s, <\/strong>que sea hipoalerg\u00e9nico, libre de fragancias y de elementos irritantes para el peque\u00f1o.<\/p>\n\n\n\n<p>Es importante <strong>aplicar<\/strong> el protector solar <strong>al menos 30 minutos antes<\/strong> de salir al sol y <strong>replicarlo cada dos horas<\/strong> o m\u00e1s frecuentemente si tu beb\u00e9 est\u00e1 sudando o se ha mojado.<\/p>\n\n\n\n<p>No olvides proteger las zonas peque\u00f1as como el dorso de sus manos, los pies y los labios, utilizando un b\u00e1lsamo labial con protector solar.<\/p>\n\n\n\n<div class=\"wp-block-columns is-layout-flex wp-container-core-columns-is-layout-9d6595d7 wp-block-columns-is-layout-flex\">\n<div class=\"wp-block-column is-layout-flow wp-block-column-is-layout-flow\">\n<p>Como recomendaci\u00f3n, te dejamos nuestra<strong> crema facial favorita para proteger a tu peque\u00f1o<\/strong> de la marca Suavinex.<\/p>\n<\/div>\n\n\n\n<div class=\"wp-block-column is-layout-flow wp-block-column-is-layout-flow\">\n<div class=\"wp-block-image\"><figure class=\"aligncenter size-large is-resized\"><a href=\"https:\/\/www.danubiobebe.com\/es\/a-banarse\/24966-crema-suavinex-facial-50ml-antipolucion-spf30.html \"><img loading=\"lazy\" decoding=\"async\" src=\"https:\/\/www.danubiobebe.com\/blog\/wp-content\/uploads\/2024\/06\/crema-suavinex-facial-50ml-antipolucion-spf30-1.jpg\" alt=\"\" class=\"wp-image-1419\" width=\"198\" height=\"216\" srcset=\"https:\/\/www.danubiobebe.com\/blog\/wp-content\/uploads\/2024\/06\/crema-suavinex-facial-50ml-antipolucion-spf30-1.jpg 640w, https:\/\/www.danubiobebe.com\/blog\/wp-content\/uploads\/2024\/06\/crema-suavinex-facial-50ml-antipolucion-spf30-1-274x300.jpg 274w\" sizes=\"auto, (max-width: 198px) 100vw, 198px\" \/><\/a><\/figure><\/div>\n\n\n\n<div class=\"wp-block-buttons is-content-justification-center is-layout-flex wp-block-buttons-is-layout-flex\">\n<div class=\"wp-block-button has-custom-width wp-block-button__width-100\"><a class=\"wp-block-button__link has-white-color has-text-color has-background no-border-radius\" href=\"https:\/\/www.danubiobebe.com\/es\/a-banarse\/24966-crema-suavinex-facial-50ml-antipolucion-spf30.html\" style=\"background-color:#e27f28\">Cuidado con el sol \u2600\ufe0f<\/a><\/div>\n<\/div>\n<\/div>\n<\/div>\n\n\n\n<h2 class=\"wp-block-heading\">Ba\u00f1os refrescantes<\/h2>\n\n\n\n<p>En verano, ba\u00f1ar a tu beb\u00e9 ayuda a mantener su piel fresca y limpia.<strong> Los ba\u00f1os no solo eliminan el sudor o suciedad<\/strong> que acumulen durante el d\u00eda, sino que tambi\u00e9n puede ser una <strong>excelente oportunidad<\/strong> para que el beb\u00e9<strong> se relaje y se sienta c\u00f3modo.<\/strong><\/p>\n\n\n\n<p>Si el beb\u00e9 no ha sudado mucho, los ba\u00f1os adicionales <strong>s\u00f3lo con agua<\/strong> pueden ser una buena opci\u00f3n. Usar jab\u00f3n cada vez que se hace un ba\u00f1o adicional puede <strong>resecar la piel <\/strong>del peque\u00f1o.<\/p>\n\n\n\n<div class=\"wp-block-columns is-layout-flex wp-container-core-columns-is-layout-9d6595d7 wp-block-columns-is-layout-flex\">\n<div class=\"wp-block-column is-layout-flow wp-block-column-is-layout-flow\">\n<p>Por \u00faltimo, se <strong>debe secar bien al beb\u00e9<\/strong>. Aunque estemos en temporada de calor, si no se seca de forma correcta, el beb\u00e9 puede correr el riesgo de que se enfr\u00ede.Para ello, os recomendamos la <strong>Toalla BtBox Dock &amp; Lay<\/strong><\/p>\n<\/div>\n\n\n\n<div class=\"wp-block-column is-layout-flow wp-block-column-is-layout-flow\">\n<div class=\"wp-block-image\"><figure class=\"aligncenter size-large is-resized\"><a href=\"https:\/\/www.danubiobebe.com\/es\/a-banarse\/28511-11035-toalla-btbox-dock-bay-l160-x-090cm.html#\/3995-color-cocodrilos\"><img loading=\"lazy\" decoding=\"async\" src=\"https:\/\/www.danubiobebe.com\/blog\/wp-content\/uploads\/2025\/08\/toalla-btbox-dock-bay-l160-x-090cm-2.jpg\" alt=\"\" class=\"wp-image-2037\" width=\"208\" height=\"231\" srcset=\"https:\/\/www.danubiobebe.com\/blog\/wp-content\/uploads\/2025\/08\/toalla-btbox-dock-bay-l160-x-090cm-2.jpg 800w, https:\/\/www.danubiobebe.com\/blog\/wp-content\/uploads\/2025\/08\/toalla-btbox-dock-bay-l160-x-090cm-2-270x300.jpg 270w, https:\/\/www.danubiobebe.com\/blog\/wp-content\/uploads\/2025\/08\/toalla-btbox-dock-bay-l160-x-090cm-2-768x853.jpg 768w\" sizes=\"auto, (max-width: 208px) 100vw, 208px\" \/><\/a><\/figure><\/div>\n\n\n\n<div class=\"wp-block-buttons is-content-justification-center is-layout-flex wp-block-buttons-is-layout-flex\">\n<div class=\"wp-block-button has-custom-width wp-block-button__width-100\"><a class=\"wp-block-button__link has-white-color has-text-color has-background no-border-radius\" href=\"https:\/\/www.danubiobebe.com\/es\/a-banarse\/28511-11035-toalla-btbox-dock-bay-l160-x-090cm.html#\/3995-color-cocodrilos\" style=\"background-color:#e27f28\">Seca a tu peque<\/a><\/div>\n<\/div>\n<\/div>\n<\/div>\n\n\n\n<h2 class=\"wp-block-heading\">Cuidados durante el paseo<\/h2>\n\n\n\n<h3 class=\"wp-block-heading\">Horarios recomendados<\/h3>\n\n\n\n<p><strong>Evita salir durante las horas m\u00e1s calurosas del d\u00eda<\/strong>, que generalmente son entre las <strong>10 a.m. y las 4 p.m<\/strong>. Durante este periodo, los rayos del sol son m\u00e1s intensos y pueden ser peligrosos tanto para los adultos como para los beb\u00e9s. La exposici\u00f3n excesiva puede causar <strong>quemaduras solares, deshidrataci\u00f3n<\/strong> <strong>y golpes de calor<\/strong>, especialmente a los beb\u00e9s.<\/p>\n\n\n\n<p>Opta por <strong>paseos tempranos en la ma\u00f1ana o en el atardecer<\/strong>, cuando las temperaturas son m\u00e1s frescas y el sol no es tan fuerte, para asegurarte de que es el <strong>momento m\u00e1s fresco<\/strong> y agradable.<\/p>\n\n\n\n<h3 class=\"wp-block-heading\">Usa los mejores carritos<\/h3>\n\n\n\n<p>Hay todo tipo de carritos para nuestro beb\u00e9, pero siempre <strong>debemos usar los carritos m\u00e1s c\u00f3modos y seguros<\/strong>. En verano, el peque\u00f1o puede necesitar accesorios especiales, como una <strong>capota ventilada o una que proteja eficazmente del sol<\/strong>.<\/p>\n\n\n\n<div class=\"wp-block-columns is-layout-flex wp-container-core-columns-is-layout-9d6595d7 wp-block-columns-is-layout-flex\">\n<div class=\"wp-block-column is-layout-flow wp-block-column-is-layout-flow\">\n<h5 class=\"has-text-align-center wp-block-heading\">Silla de paseo Chicco Echo<\/h5>\n\n\n\n<p>Esta silla de paseo destaca por su estilo moderno y funcional. Con respaldo reclinable, estructura ligera y plegado compacto, es ideal para el uso diario. Su asiento amplio y c\u00f3modo asegura paseos agradables desde los primeros meses.<\/p>\n\n\n\n<div class=\"wp-block-image\"><figure class=\"aligncenter size-large\"><img decoding=\"async\" src=\"https:\/\/www.danubiobebe.com\/blog\/wp-content\/uploads\/2025\/08\/silla-de-paseo-chicco-echo.jpg\" alt=\"\" class=\"wp-image-2038\" width=\"NaN\" height=\"NaN\" srcset=\"https:\/\/www.danubiobebe.com\/blog\/wp-content\/uploads\/2025\/08\/silla-de-paseo-chicco-echo.jpg 800w, https:\/\/www.danubiobebe.com\/blog\/wp-content\/uploads\/2025\/08\/silla-de-paseo-chicco-echo-270x300.jpg 270w, https:\/\/www.danubiobebe.com\/blog\/wp-content\/uploads\/2025\/08\/silla-de-paseo-chicco-echo-768x853.jpg 768w\" sizes=\"(max-width: 800px) 100vw, 800px\" \/><\/figure><\/div>\n\n\n\n<div class=\"wp-block-buttons is-content-justification-center is-layout-flex wp-block-buttons-is-layout-flex\">\n<div class=\"wp-block-button has-custom-width wp-block-button__width-100\"><a class=\"wp-block-button__link has-white-color has-text-color has-background no-border-radius\" href=\"https:\/\/www.danubiobebe.com\/es\/a-pasear-\/812-silla-de-paseo-chicco-echo.html\" style=\"background-color:#e27f28\">\u00a1Vamos de paseo! <\/a><\/div>\n<\/div>\n<\/div>\n\n\n\n<div class=\"wp-block-column is-layout-flow wp-block-column-is-layout-flow\">\n<h5 class=\"has-text-align-center wp-block-heading\">Silla de paseo Kinderkraft Pilot 2<\/h5>\n\n\n\n<p>La silla de Kinderkraft Pilot es perfecta para familias en movimiento. Compacta, ligera y f\u00e1cil de plegar con una sola mano. Cuenta con respaldo reclinable y tejidos transpirables que garantizan comodidad y frescura en cada paseo. <\/p>\n\n\n\n<div class=\"wp-block-image\"><figure class=\"aligncenter size-large\"><img decoding=\"async\" src=\"https:\/\/www.danubiobebe.com\/blog\/wp-content\/uploads\/2025\/08\/silla-de-paseo-kinderkraft-pilot-2.jpg\" alt=\"\" class=\"wp-image-2039\" width=\"NaN\" height=\"NaN\" srcset=\"https:\/\/www.danubiobebe.com\/blog\/wp-content\/uploads\/2025\/08\/silla-de-paseo-kinderkraft-pilot-2.jpg 800w, https:\/\/www.danubiobebe.com\/blog\/wp-content\/uploads\/2025\/08\/silla-de-paseo-kinderkraft-pilot-2-270x300.jpg 270w, https:\/\/www.danubiobebe.com\/blog\/wp-content\/uploads\/2025\/08\/silla-de-paseo-kinderkraft-pilot-2-768x853.jpg 768w\" sizes=\"(max-width: 800px) 100vw, 800px\" \/><\/figure><\/div>\n\n\n\n<div class=\"wp-block-buttons is-content-justification-center is-layout-flex wp-block-buttons-is-layout-flex\">\n<div class=\"wp-block-button has-custom-width wp-block-button__width-100\"><a class=\"wp-block-button__link has-white-color has-text-color has-background no-border-radius\" href=\"https:\/\/www.danubiobebe.com\/es\/sillas\/28575-11189-silla-de-paseo-kinderkraft-pilot-2.html#\/3244-color-midnight_black\" style=\"background-color:#e27f28\">\u00a1Vamos de paseo! <\/a><\/div>\n<\/div>\n<\/div>\n<\/div>\n\n\n\n<div class=\"wp-block-columns is-layout-flex wp-container-core-columns-is-layout-9d6595d7 wp-block-columns-is-layout-flex\">\n<div class=\"wp-block-column is-layout-flow wp-block-column-is-layout-flow\">\n<h5 class=\"has-text-align-center wp-block-heading\">Silla de Paseo Cam Compass 2.0<\/h5>\n\n\n\n<p>Esta silla de paseo es pr\u00e1ctica, ligera y f\u00e1cil de manejar. Su estructura compacta, el respaldo reclinable y los tejidos transpirables la hacen ideal para estos d\u00edas calurosos.<\/p>\n\n\n\n<figure class=\"wp-block-image size-large\"><img decoding=\"async\" src=\"https:\/\/www.danubiobebe.com\/blog\/wp-content\/uploads\/2025\/08\/silla-de-paseo-cam-compass-20.jpg\" alt=\"\" class=\"wp-image-2040\" width=\"NaN\" height=\"NaN\" srcset=\"https:\/\/www.danubiobebe.com\/blog\/wp-content\/uploads\/2025\/08\/silla-de-paseo-cam-compass-20.jpg 800w, https:\/\/www.danubiobebe.com\/blog\/wp-content\/uploads\/2025\/08\/silla-de-paseo-cam-compass-20-270x300.jpg 270w, https:\/\/www.danubiobebe.com\/blog\/wp-content\/uploads\/2025\/08\/silla-de-paseo-cam-compass-20-768x853.jpg 768w\" sizes=\"(max-width: 800px) 100vw, 800px\" \/><\/figure>\n\n\n\n<div class=\"wp-block-buttons is-content-justification-center is-layout-flex wp-block-buttons-is-layout-flex\">\n<div class=\"wp-block-button has-custom-width wp-block-button__width-100\"><a class=\"wp-block-button__link has-white-color has-text-color has-background no-border-radius\" href=\"https:\/\/www.danubiobebe.com\/es\/a-pasear-\/24607-5384-silla-de-paseo-cam-compass-20.html#\/2057-color-196_melange_tortora\" style=\"background-color:#e27f28\">\u00a1Vamos de paseo! <\/a><\/div>\n<\/div>\n<\/div>\n\n\n\n<div class=\"wp-block-column is-layout-flow wp-block-column-is-layout-flow\">\n<h5 class=\"has-text-align-center wp-block-heading\">Silla de paseo Kinderkraft Apino<\/h5>\n\n\n\n<p>La silla de paseo Kinderkraft Apino destaca por su dise\u00f1o ligero y compacto, ideal para facilitar la movilidad en el d\u00eda a d\u00eda. Su asiento transpirable,  respaldo reclinable y capota aseguran la comodidad .<\/p>\n\n\n\n<figure class=\"wp-block-image size-large\"><img decoding=\"async\" src=\"https:\/\/www.danubiobebe.com\/blog\/wp-content\/uploads\/2025\/08\/silla-de-paseo-kinderkraft-apino.jpg\" alt=\"\" class=\"wp-image-2041\" width=\"NaN\" height=\"NaN\" srcset=\"https:\/\/www.danubiobebe.com\/blog\/wp-content\/uploads\/2025\/08\/silla-de-paseo-kinderkraft-apino.jpg 800w, https:\/\/www.danubiobebe.com\/blog\/wp-content\/uploads\/2025\/08\/silla-de-paseo-kinderkraft-apino-270x300.jpg 270w, https:\/\/www.danubiobebe.com\/blog\/wp-content\/uploads\/2025\/08\/silla-de-paseo-kinderkraft-apino-768x853.jpg 768w\" sizes=\"(max-width: 800px) 100vw, 800px\" \/><\/figure>\n\n\n\n<div class=\"wp-block-buttons is-content-justification-center is-layout-flex wp-block-buttons-is-layout-flex\">\n<div class=\"wp-block-button has-custom-width wp-block-button__width-100\"><a class=\"wp-block-button__link has-white-color has-text-color has-background no-border-radius\" href=\"https:\/\/www.danubiobebe.com\/es\/a-pasear-\/26860-8519-silla-de-paseo-kinderkraft-apino.html#\/2837-color-dove_grey\" style=\"background-color:#e27f28\">\u00a1Vamos de paseo! <\/a><\/div>\n<\/div>\n<\/div>\n<\/div>\n\n\n\n<div class=\"wp-block-columns is-layout-flex wp-container-core-columns-is-layout-9d6595d7 wp-block-columns-is-layout-flex\"><\/div>\n\n\n\n<p><\/p>\n\n\n\n<p>Esperamos que estos consejos hayan sido \u00fatiles para poder afrontar el verano de forma c\u00f3moda y segura. Si a\u00fan tienes alguna pregunta, no dudes en contactarnos a trav\u00e9s de <strong>nuestras redes sociales<\/strong> o en nuestras tiendas de <a href=\"https:\/\/www.google.com\/maps\/place\/Danubio+Bebe\/@36.433824,-6.14332,16z\/data=!4m6!3m5!1s0xd0c35ae564c19b9:0xa4c182b67fbd1d54!8m2!3d36.433824!4d-6.14332!16s%2Fg%2F1tf3q4gy?hl=es-ES\"><strong>Chiclana de la Frontera<\/strong><\/a><strong> y <\/strong><a href=\"https:\/\/www.google.com\/maps\/place\/Danubio+Bebe\/@36.1794338,-5.4453393,1564m\/data=!3m2!1e3!4b1!4m6!3m5!1s0xd0ceb06346857b5:0x6fbca480071baa54!8m2!3d36.1794338!4d-5.4453393!16s%2Fg%2F1z44bclny?entry=ttu&amp;g_ep=EgoyMDI1MDUyOC4wIKXMDSoASAFQAw%3D%3D\"><strong>Los Barrios<\/strong><\/a><strong>. <\/strong><\/p>\n\n\n\n<p><strong>\u00a1Os esperamos!<\/strong><\/p>\n\n\n\n\n\n<p><\/p>\n","protected":false},"excerpt":{"rendered":"<p>Con la llegada del verano, es fundamental prestar atenci\u00f3n a los cuidados de tu beb\u00e9 para asegurar su bienestar durante los d\u00edas calurosos. En Danubio Beb\u00e9, te ofrecemos los mejores consejos y recomendaciones para mantener a tu peque\u00f1o fresco, protegido y c\u00f3modo en esta temporada. \u00a1Sigue leyendo y descubre c\u00f3mo disfrutar del verano con tu [&hellip;]<\/p>\n","protected":false},"author":4,"featured_media":1425,"comment_status":"open","ping_status":"open","sticky":false,"template":"","format":"standard","meta":{"footnotes":""},"categories":[3],"tags":[],"class_list":["post-1416","post","type-post","status-publish","format-standard","has-post-thumbnail","hentry","category-consejos"],"yoast_head":"<!-- This site is optimized with the Yoast SEO plugin v26.6 - https:\/\/yoast.com\/wordpress\/plugins\/seo\/ -->\n<title>Cuidado para un reci\u00e9n nacido en Verano | Trucos y consejos | Danubio Beb\u00e9<\/title>\n<meta name=\"description\" content=\"Descubre c\u00f3mo cuidar a tu reci\u00e9n nacido en verano con estos consejos. Cuida a tu beb\u00e9 del calor, hidr\u00e1talo correctamente y mant\u00e9n su piel protegida. Ver m\u00e1s\" \/>\n<meta name=\"robots\" content=\"index, follow, max-snippet:-1, max-image-preview:large, max-video-preview:-1\" \/>\n<link rel=\"canonical\" href=\"https:\/\/www.danubiobebe.com\/blog\/cuidados-recien-nacido-verano\/\" \/>\n<meta property=\"og:locale\" content=\"es_ES\" \/>\n<meta property=\"og:type\" content=\"article\" \/>\n<meta property=\"og:title\" content=\"Cuidado para un reci\u00e9n nacido en Verano | Trucos y consejos | Danubio Beb\u00e9\" \/>\n<meta property=\"og:description\" content=\"Descubre los mejores regalos para el d\u00eda de la madre. Este d\u00eda tan especial para las personas m\u00e1s \u00fanicas, donde hablaremos de los mejores regalos para ellas\" \/>\n<meta property=\"og:url\" content=\"https:\/\/www.danubiobebe.com\/blog\/cuidados-recien-nacido-verano\/\" \/>\n<meta property=\"og:site_name\" content=\"Danubio blog\" \/>\n<meta property=\"article:publisher\" content=\"https:\/\/www.facebook.com\/danubio.bebe\/\" \/>\n<meta property=\"article:published_time\" content=\"2025-06-02T09:10:00+00:00\" \/>\n<meta property=\"article:modified_time\" content=\"2025-08-13T11:50:00+00:00\" \/>\n<meta property=\"og:image\" content=\"https:\/\/www.danubiobebe.com\/blog\/wp-content\/uploads\/2024\/06\/portada_noticia.png\" \/>\n<meta name=\"author\" content=\"Danubio Beb\u00e9\" \/>\n<meta name=\"twitter:card\" content=\"summary_large_image\" \/>\n<meta name=\"twitter:creator\" content=\"@danubiobebe\" \/>\n<meta name=\"twitter:site\" content=\"@danubiobebe\" \/>\n<meta name=\"twitter:label1\" content=\"Escrito por\" \/>\n\t<meta name=\"twitter:data1\" content=\"Danubio Beb\u00e9\" \/>\n\t<meta name=\"twitter:label2\" content=\"Tiempo de lectura\" \/>\n\t<meta name=\"twitter:data2\" content=\"5 minutos\" \/>\n<script type=\"application\/ld+json\" class=\"yoast-schema-graph\">{\"@context\":\"https:\/\/schema.org\",\"@graph\":[{\"@type\":\"WebPage\",\"@id\":\"https:\/\/www.danubiobebe.com\/blog\/cuidados-recien-nacido-verano\/\",\"url\":\"https:\/\/www.danubiobebe.com\/blog\/cuidados-recien-nacido-verano\/\",\"name\":\"Cuidado para un reci\u00e9n nacido en Verano | Trucos y consejos | Danubio Beb\u00e9\",\"isPartOf\":{\"@id\":\"https:\/\/www.danubiobebe.com\/blog\/#website\"},\"primaryImageOfPage\":{\"@id\":\"https:\/\/www.danubiobebe.com\/blog\/cuidados-recien-nacido-verano\/#primaryimage\"},\"image\":{\"@id\":\"https:\/\/www.danubiobebe.com\/blog\/cuidados-recien-nacido-verano\/#primaryimage\"},\"thumbnailUrl\":\"https:\/\/www.danubiobebe.com\/blog\/wp-content\/uploads\/2024\/06\/portada_noticia.png\",\"datePublished\":\"2025-06-02T09:10:00+00:00\",\"dateModified\":\"2025-08-13T11:50:00+00:00\",\"author\":{\"@id\":\"https:\/\/www.danubiobebe.com\/blog\/#\/schema\/person\/2783880c335e1e9639139bafa815ba50\"},\"description\":\"Descubre c\u00f3mo cuidar a tu reci\u00e9n nacido en verano con estos consejos. Cuida a tu beb\u00e9 del calor, hidr\u00e1talo correctamente y mant\u00e9n su piel protegida. Ver m\u00e1s\",\"breadcrumb\":{\"@id\":\"https:\/\/www.danubiobebe.com\/blog\/cuidados-recien-nacido-verano\/#breadcrumb\"},\"inLanguage\":\"es\",\"potentialAction\":[{\"@type\":\"ReadAction\",\"target\":[\"https:\/\/www.danubiobebe.com\/blog\/cuidados-recien-nacido-verano\/\"]}]},{\"@type\":\"ImageObject\",\"inLanguage\":\"es\",\"@id\":\"https:\/\/www.danubiobebe.com\/blog\/cuidados-recien-nacido-verano\/#primaryimage\",\"url\":\"https:\/\/www.danubiobebe.com\/blog\/wp-content\/uploads\/2024\/06\/portada_noticia.png\",\"contentUrl\":\"https:\/\/www.danubiobebe.com\/blog\/wp-content\/uploads\/2024\/06\/portada_noticia.png\",\"width\":800,\"height\":534,\"caption\":\"Portada. Cuidados para un reci\u00e9n nacido en verano\"},{\"@type\":\"BreadcrumbList\",\"@id\":\"https:\/\/www.danubiobebe.com\/blog\/cuidados-recien-nacido-verano\/#breadcrumb\",\"itemListElement\":[{\"@type\":\"ListItem\",\"position\":1,\"name\":\"Portada\",\"item\":\"https:\/\/www.danubiobebe.com\/blog\/\"},{\"@type\":\"ListItem\",\"position\":2,\"name\":\"Cuidados para un reci\u00e9n nacido en verano\"}]},{\"@type\":\"WebSite\",\"@id\":\"https:\/\/www.danubiobebe.com\/blog\/#website\",\"url\":\"https:\/\/www.danubiobebe.com\/blog\/\",\"name\":\"Danubio blog\",\"description\":\"Toda la actualidad en el mundo del beb\u00e9\",\"potentialAction\":[{\"@type\":\"SearchAction\",\"target\":{\"@type\":\"EntryPoint\",\"urlTemplate\":\"https:\/\/www.danubiobebe.com\/blog\/?s={search_term_string}\"},\"query-input\":{\"@type\":\"PropertyValueSpecification\",\"valueRequired\":true,\"valueName\":\"search_term_string\"}}],\"inLanguage\":\"es\"},{\"@type\":\"Person\",\"@id\":\"https:\/\/www.danubiobebe.com\/blog\/#\/schema\/person\/2783880c335e1e9639139bafa815ba50\",\"name\":\"Danubio Beb\u00e9\",\"url\":\"https:\/\/www.danubiobebe.com\/blog\/author\/chari\/\"}]}<\/script>\n<!-- \/ Yoast SEO plugin. -->","yoast_head_json":{"title":"Cuidado para un reci\u00e9n nacido en Verano | Trucos y consejos | Danubio Beb\u00e9","description":"Descubre c\u00f3mo cuidar a tu reci\u00e9n nacido en verano con estos consejos. Cuida a tu beb\u00e9 del calor, hidr\u00e1talo correctamente y mant\u00e9n su piel protegida. Ver m\u00e1s","robots":{"index":"index","follow":"follow","max-snippet":"max-snippet:-1","max-image-preview":"max-image-preview:large","max-video-preview":"max-video-preview:-1"},"canonical":"https:\/\/www.danubiobebe.com\/blog\/cuidados-recien-nacido-verano\/","og_locale":"es_ES","og_type":"article","og_title":"Cuidado para un reci\u00e9n nacido en Verano | Trucos y consejos | Danubio Beb\u00e9","og_description":"Descubre los mejores regalos para el d\u00eda de la madre. Este d\u00eda tan especial para las personas m\u00e1s \u00fanicas, donde hablaremos de los mejores regalos para ellas","og_url":"https:\/\/www.danubiobebe.com\/blog\/cuidados-recien-nacido-verano\/","og_site_name":"Danubio blog","article_publisher":"https:\/\/www.facebook.com\/danubio.bebe\/","article_published_time":"2025-06-02T09:10:00+00:00","article_modified_time":"2025-08-13T11:50:00+00:00","og_image":[{"url":"https:\/\/www.danubiobebe.com\/blog\/wp-content\/uploads\/2024\/06\/portada_noticia.png","type":"","width":"","height":""}],"author":"Danubio Beb\u00e9","twitter_card":"summary_large_image","twitter_creator":"@danubiobebe","twitter_site":"@danubiobebe","twitter_misc":{"Escrito por":"Danubio Beb\u00e9","Tiempo de lectura":"5 minutos"},"schema":{"@context":"https:\/\/schema.org","@graph":[{"@type":"WebPage","@id":"https:\/\/www.danubiobebe.com\/blog\/cuidados-recien-nacido-verano\/","url":"https:\/\/www.danubiobebe.com\/blog\/cuidados-recien-nacido-verano\/","name":"Cuidado para un reci\u00e9n nacido en Verano | Trucos y consejos | Danubio Beb\u00e9","isPartOf":{"@id":"https:\/\/www.danubiobebe.com\/blog\/#website"},"primaryImageOfPage":{"@id":"https:\/\/www.danubiobebe.com\/blog\/cuidados-recien-nacido-verano\/#primaryimage"},"image":{"@id":"https:\/\/www.danubiobebe.com\/blog\/cuidados-recien-nacido-verano\/#primaryimage"},"thumbnailUrl":"https:\/\/www.danubiobebe.com\/blog\/wp-content\/uploads\/2024\/06\/portada_noticia.png","datePublished":"2025-06-02T09:10:00+00:00","dateModified":"2025-08-13T11:50:00+00:00","author":{"@id":"https:\/\/www.danubiobebe.com\/blog\/#\/schema\/person\/2783880c335e1e9639139bafa815ba50"},"description":"Descubre c\u00f3mo cuidar a tu reci\u00e9n nacido en verano con estos consejos. Cuida a tu beb\u00e9 del calor, hidr\u00e1talo correctamente y mant\u00e9n su piel protegida. Ver m\u00e1s","breadcrumb":{"@id":"https:\/\/www.danubiobebe.com\/blog\/cuidados-recien-nacido-verano\/#breadcrumb"},"inLanguage":"es","potentialAction":[{"@type":"ReadAction","target":["https:\/\/www.danubiobebe.com\/blog\/cuidados-recien-nacido-verano\/"]}]},{"@type":"ImageObject","inLanguage":"es","@id":"https:\/\/www.danubiobebe.com\/blog\/cuidados-recien-nacido-verano\/#primaryimage","url":"https:\/\/www.danubiobebe.com\/blog\/wp-content\/uploads\/2024\/06\/portada_noticia.png","contentUrl":"https:\/\/www.danubiobebe.com\/blog\/wp-content\/uploads\/2024\/06\/portada_noticia.png","width":800,"height":534,"caption":"Portada. Cuidados para un reci\u00e9n nacido en verano"},{"@type":"BreadcrumbList","@id":"https:\/\/www.danubiobebe.com\/blog\/cuidados-recien-nacido-verano\/#breadcrumb","itemListElement":[{"@type":"ListItem","position":1,"name":"Portada","item":"https:\/\/www.danubiobebe.com\/blog\/"},{"@type":"ListItem","position":2,"name":"Cuidados para un reci\u00e9n nacido en verano"}]},{"@type":"WebSite","@id":"https:\/\/www.danubiobebe.com\/blog\/#website","url":"https:\/\/www.danubiobebe.com\/blog\/","name":"Danubio blog","description":"Toda la actualidad en el mundo del beb\u00e9","potentialAction":[{"@type":"SearchAction","target":{"@type":"EntryPoint","urlTemplate":"https:\/\/www.danubiobebe.com\/blog\/?s={search_term_string}"},"query-input":{"@type":"PropertyValueSpecification","valueRequired":true,"valueName":"search_term_string"}}],"inLanguage":"es"},{"@type":"Person","@id":"https:\/\/www.danubiobebe.com\/blog\/#\/schema\/person\/2783880c335e1e9639139bafa815ba50","name":"Danubio Beb\u00e9","url":"https:\/\/www.danubiobebe.com\/blog\/author\/chari\/"}]}},"_links":{"self":[{"href":"https:\/\/www.danubiobebe.com\/blog\/wp-json\/wp\/v2\/posts\/1416","targetHints":{"allow":["GET"]}}],"collection":[{"href":"https:\/\/www.danubiobebe.com\/blog\/wp-json\/wp\/v2\/posts"}],"about":[{"href":"https:\/\/www.danubiobebe.com\/blog\/wp-json\/wp\/v2\/types\/post"}],"author":[{"embeddable":true,"href":"https:\/\/www.danubiobebe.com\/blog\/wp-json\/wp\/v2\/users\/4"}],"replies":[{"embeddable":true,"href":"https:\/\/www.danubiobebe.com\/blog\/wp-json\/wp\/v2\/comments?post=1416"}],"version-history":[{"count":13,"href":"https:\/\/www.danubiobebe.com\/blog\/wp-json\/wp\/v2\/posts\/1416\/revisions"}],"predecessor-version":[{"id":2124,"href":"https:\/\/www.danubiobebe.com\/blog\/wp-json\/wp\/v2\/posts\/1416\/revisions\/2124"}],"wp:featuredmedia":[{"embeddable":true,"href":"https:\/\/www.danubiobebe.com\/blog\/wp-json\/wp\/v2\/media\/1425"}],"wp:attachment":[{"href":"https:\/\/www.danubiobebe.com\/blog\/wp-json\/wp\/v2\/media?parent=1416"}],"wp:term":[{"taxonomy":"category","embeddable":true,"href":"https:\/\/www.danubiobebe.com\/blog\/wp-json\/wp\/v2\/categories?post=1416"},{"taxonomy":"post_tag","embeddable":true,"href":"https:\/\/www.danubiobebe.com\/blog\/wp-json\/wp\/v2\/tags?post=1416"}],"curies":[{"name":"wp","href":"https:\/\/api.w.org\/{rel}","templated":true}]}}