{"id":1322,"date":"2025-02-02T11:59:00","date_gmt":"2025-02-02T11:59:00","guid":{"rendered":"https:\/\/www.danubiobebe.com\/blog\/?p=1322"},"modified":"2025-07-24T08:21:14","modified_gmt":"2025-07-24T08:21:14","slug":"protege-a-tu-bebe-en-invierno","status":"publish","type":"post","link":"https:\/\/www.danubiobebe.com\/blog\/protege-a-tu-bebe-en-invierno\/","title":{"rendered":"Protege a tu beb\u00e9 en invierno"},"content":{"rendered":"\n<p>Con la llegada del invierno, la <strong>prioridad <\/strong>es asegurar que los m\u00e1s peque\u00f1os est\u00e9n <strong>protegidos <\/strong>y <strong>c\u00f3modos <\/strong>en cada momento. Por ello, os traemos <strong>algunos consejos <\/strong>para que los m\u00e1s peque\u00f1os est\u00e9n agusto este invierno:<\/p>\n\n\n\n<ul class=\"wp-block-list\"><li><strong>V\u00edstele por capas<\/strong>: utiliza prendas f\u00e1ciles de poner y quitar que permitan comprobar su temperatura de manera r\u00e1pida y c\u00f3moda.&nbsp;<\/li><li><strong>Tu beb\u00e9 tiene term\u00f3metros<\/strong>: las orejas, la espalda y la nuca de nuestro beb\u00e9 puede servir como term\u00f3metro corporal para conocer su temperatura.<\/li><li><strong>Mantener una humedad \u00f3ptima en la casa: <\/strong>mantener un adecuado nivel de humedad en el entorno contribuye a la eliminaci\u00f3n de las secreciones y previene la deshidrataci\u00f3n.<\/li><li><strong>Realiza tus paseos en los momentos adecuados: <\/strong>durante el invierno, el mediod\u00eda generalmente se presenta como la ocasi\u00f3n perfecta para salir, ya que en ese momento el sol tiene mayor intensidad, proporciona una mayor iluminaci\u00f3n y las temperaturas son m\u00e1s amenas.<\/li><\/ul>\n\n\n\n<p>En<strong> Danubio Beb\u00e9<\/strong> nos esforzamos por seleccionar cuidadosamente productos que ofrezcan el <strong>calor y la seguridad<\/strong> que tus beb\u00e9s necesitan durante los d\u00edas fr\u00edos de esta temporada. En esta entrada, te invitamos a explorar nuestra selecci\u00f3n de productos perfectos para el invierno:<\/p>\n\n\n\n<div class=\"wp-block-columns is-layout-flex wp-container-core-columns-is-layout-9d6595d7 wp-block-columns-is-layout-flex\">\n<div class=\"wp-block-column is-layout-flow wp-block-column-is-layout-flow\">\n<h2 class=\"wp-block-heading\"><a href=\"https:\/\/www.danubiobebe.com\/es\/a-dormir\/5660-5561-edredonprotector-de-cuna-dpeques-oso-lazo.html#\/141-color-verde\">Edred\u00f3n + protector de cuna D\u2019Peques<\/a><\/h2>\n\n\n\n<p>Este conjunto destaca por su dise\u00f1o y su suavidad, creando un <strong>entorno c\u00e1lido y acogedor <\/strong>para el descanso del beb\u00e9. Es perfecto para <strong>aportar comodidad <\/strong>y un toque decorativo a la habitaci\u00f3n del beb\u00e9.<\/p>\n\n\n\n<div class=\"wp-block-image is-style-default\"><figure class=\"aligncenter size-full\"><a href=\"https:\/\/www.danubiobebe.com\/es\/a-dormir\/5660-5561-edredonprotector-de-cuna-dpeques-oso-lazo.html#\/141-color-verde\"><img loading=\"lazy\" decoding=\"async\" width=\"800\" height=\"889\" src=\"https:\/\/www.danubiobebe.com\/blog\/wp-content\/uploads\/2025\/07\/edredonprotector-de-cuna-dpeques-oso-lazo.jpg\" alt=\"Edred\u00f3n + protector de cuna D\u2019Peques\" class=\"wp-image-1927\" srcset=\"https:\/\/www.danubiobebe.com\/blog\/wp-content\/uploads\/2025\/07\/edredonprotector-de-cuna-dpeques-oso-lazo.jpg 800w, https:\/\/www.danubiobebe.com\/blog\/wp-content\/uploads\/2025\/07\/edredonprotector-de-cuna-dpeques-oso-lazo-270x300.jpg 270w, https:\/\/www.danubiobebe.com\/blog\/wp-content\/uploads\/2025\/07\/edredonprotector-de-cuna-dpeques-oso-lazo-768x853.jpg 768w\" sizes=\"auto, (max-width: 800px) 100vw, 800px\" \/><\/a><\/figure><\/div>\n\n\n\n<div class=\"wp-block-buttons is-content-justification-center is-layout-flex wp-block-buttons-is-layout-flex\">\n<div class=\"wp-block-button\"><a class=\"wp-block-button__link has-black-color has-pale-cyan-blue-background-color has-text-color has-background\" href=\"https:\/\/www.danubiobebe.com\/es\/a-dormir\/5660-5561-edredonprotector-de-cuna-dpeques-oso-lazo.html#\/141-color-verde\" rel=\"https:\/\/www.danubiobebe.com\/es\/cunas-de-viaje\/7895-10030-cuna-de-viaje-jane-duo-level-toys-6838.html#\/278-color-t82_cosmos\">A\u00f1adir al carrito <\/a><\/div>\n<\/div>\n<\/div>\n\n\n\n<div class=\"wp-block-column is-layout-flow wp-block-column-is-layout-flow\">\n<h2 class=\"wp-block-heading\"><a href=\"https:\/\/www.danubiobebe.com\/es\/a-dormir\/24973-colchon-de-cuna-my-baby-mattress-wendy-117x57-8436536568608.html\">Colch\u00f3n de cuna My Baby Mattress Wendy<\/a><\/h2>\n\n\n\n<p><strong>Wendy<\/strong> es un colch\u00f3n de <strong>My Baby Mattress<\/strong> con espuma suave y perfilada, dise\u00f1ado para ofrecer el <strong>m\u00e1ximo confort<\/strong>. Su capa viscoel\u00e1stica se adapta al cuerpo y la cabeza, brind\u00e1ndole el soporte ideal durante sus primeros meses.<\/p>\n\n\n\n<div class=\"wp-block-image is-style-default\"><figure class=\"aligncenter size-full\"><a href=\"https:\/\/www.danubiobebe.com\/es\/a-dormir\/24973-colchon-de-cuna-my-baby-mattress-wendy-117x57-8436536568608.html\"><img decoding=\"async\" src=\"https:\/\/www.danubiobebe.com\/blog\/wp-content\/uploads\/2025\/07\/colchon-de-cuna-my-baby-mattress-wendy-117x57-1-edited.jpg\" alt=\"Colch\u00f3n de cuna My Baby Mattress Wendy\" class=\"wp-image-1929\" width=\"NaN\" height=\"NaN\" srcset=\"https:\/\/www.danubiobebe.com\/blog\/wp-content\/uploads\/2025\/07\/colchon-de-cuna-my-baby-mattress-wendy-117x57-1-edited.jpg 671w, https:\/\/www.danubiobebe.com\/blog\/wp-content\/uploads\/2025\/07\/colchon-de-cuna-my-baby-mattress-wendy-117x57-1-edited-270x300.jpg 270w\" sizes=\"(max-width: 671px) 100vw, 671px\" \/><\/a><\/figure><\/div>\n\n\n\n<div class=\"wp-block-buttons is-content-justification-center is-layout-flex wp-block-buttons-is-layout-flex\">\n<div class=\"wp-block-button\"><a class=\"wp-block-button__link has-black-color has-pale-cyan-blue-background-color has-text-color has-background\" href=\"https:\/\/www.danubiobebe.com\/es\/a-dormir\/24973-colchon-de-cuna-my-baby-mattress-wendy-117x57-8436536568608.html\">A\u00f1adir al carrito <\/a><\/div>\n<\/div>\n<\/div>\n<\/div>\n\n\n\n<div class=\"wp-block-columns is-layout-flex wp-container-core-columns-is-layout-9d6595d7 wp-block-columns-is-layout-flex\">\n<div class=\"wp-block-column is-layout-flow wp-block-column-is-layout-flow\">\n<h2 class=\"wp-block-heading\"><a href=\"https:\/\/www.danubiobebe.com\/es\/sacos-y-colchonetas\/28524-saco-cuco-3en1-pasito-a-pasito-nara-8435748606153.html\">Saco cuco 3 en 1 Pasito a pasito Nara<\/a><\/h2>\n\n\n\n<p>El <strong>saco cuco 3 en 1 de Pasito a Pasito<\/strong> combina funcionalidad y dise\u00f1o con un estilo delicado y elegante. <strong>Suave y c\u00f3modo<\/strong>, es perfecto para mantener al beb\u00e9 abrigado y protegido.<\/p>\n\n\n\n<div class=\"wp-block-image is-style-default\"><figure class=\"aligncenter size-full\"><a href=\"https:\/\/www.danubiobebe.com\/es\/sacos-y-colchonetas\/28524-saco-cuco-3en1-pasito-a-pasito-nara-8435748606153.html\"><img decoding=\"async\" src=\"https:\/\/www.danubiobebe.com\/blog\/wp-content\/uploads\/2025\/07\/saco-cuco-3en1-pasito-a-pasito-nara.jpg\" alt=\"Saco cuco 3 en 1 Pasito a pasito Nara\" class=\"wp-image-1930\" width=\"NaN\" height=\"NaN\" srcset=\"https:\/\/www.danubiobebe.com\/blog\/wp-content\/uploads\/2025\/07\/saco-cuco-3en1-pasito-a-pasito-nara.jpg 800w, https:\/\/www.danubiobebe.com\/blog\/wp-content\/uploads\/2025\/07\/saco-cuco-3en1-pasito-a-pasito-nara-270x300.jpg 270w, https:\/\/www.danubiobebe.com\/blog\/wp-content\/uploads\/2025\/07\/saco-cuco-3en1-pasito-a-pasito-nara-768x853.jpg 768w\" sizes=\"(max-width: 800px) 100vw, 800px\" \/><\/a><\/figure><\/div>\n\n\n\n<div class=\"wp-block-buttons is-content-justification-center is-layout-flex wp-block-buttons-is-layout-flex\">\n<div class=\"wp-block-button\"><a class=\"wp-block-button__link has-black-color has-pale-cyan-blue-background-color has-text-color has-background\" href=\"https:\/\/www.danubiobebe.com\/es\/sacos-y-colchonetas\/28524-saco-cuco-3en1-pasito-a-pasito-nara-8435748606153.html\">A\u00f1adir al carrito <\/a><\/div>\n<\/div>\n<\/div>\n\n\n\n<div class=\"wp-block-column is-layout-flow wp-block-column-is-layout-flow\">\n<h2 class=\"wp-block-heading\"><a href=\"https:\/\/www.danubiobebe.com\/es\/a-comer\/25856-7645-termo-solido-miniland-dolce-600ml.html#\/302-color-mint\">Termo s\u00f3lido Miniland Dolce<\/a><\/h2>\n\n\n\n<p>El termo <strong>Miniland Dolce<\/strong> es ideal para mantener la comida del beb\u00e9 a la temperatura perfecta durante horas. <strong>Compacto y con un dise\u00f1o encantador<\/strong>, es perfecto para llevar en cualquier salida.<\/p>\n\n\n\n<div class=\"wp-block-image is-style-default\"><figure class=\"aligncenter size-full\"><a href=\"https:\/\/www.danubiobebe.com\/es\/a-comer\/25856-7645-termo-solido-miniland-dolce-600ml.html#\/302-color-mint\"><img decoding=\"async\" src=\"https:\/\/www.danubiobebe.com\/blog\/wp-content\/uploads\/2025\/07\/termo-solido-miniland-dolce-600ml.jpg\" alt=\"Termo s\u00f3lido Miniland Dolce\" class=\"wp-image-1931\" width=\"NaN\" height=\"NaN\" srcset=\"https:\/\/www.danubiobebe.com\/blog\/wp-content\/uploads\/2025\/07\/termo-solido-miniland-dolce-600ml.jpg 800w, https:\/\/www.danubiobebe.com\/blog\/wp-content\/uploads\/2025\/07\/termo-solido-miniland-dolce-600ml-270x300.jpg 270w, https:\/\/www.danubiobebe.com\/blog\/wp-content\/uploads\/2025\/07\/termo-solido-miniland-dolce-600ml-768x853.jpg 768w\" sizes=\"(max-width: 800px) 100vw, 800px\" \/><\/a><\/figure><\/div>\n\n\n\n<div class=\"wp-block-buttons is-content-justification-center is-layout-flex wp-block-buttons-is-layout-flex\">\n<div class=\"wp-block-button\"><a class=\"wp-block-button__link has-black-color has-pale-cyan-blue-background-color has-text-color has-background\" href=\"https:\/\/www.danubiobebe.com\/es\/a-comer\/25856-7645-termo-solido-miniland-dolce-600ml.html#\/302-color-mint\">A\u00f1adir al carrito <\/a><\/div>\n<\/div>\n<\/div>\n<\/div>\n\n\n\n<div class=\"wp-block-columns is-layout-flex wp-container-core-columns-is-layout-9d6595d7 wp-block-columns-is-layout-flex\">\n<div class=\"wp-block-column is-layout-flow wp-block-column-is-layout-flow\">\n<h2 class=\"wp-block-heading\"><a href=\"https:\/\/www.danubiobebe.com\/es\/a-banarse\/26538-termometro-miniland-thermoadvanced-easy-8413082893897.html\">Term\u00f3metro Miniland Thermoadvanced easy<\/a><\/h2>\n\n\n\n<p>El <strong>term\u00f3metro Thermoadvanced de Miniland <\/strong>permite tomar la temperatura de tu beb\u00e9 sin molestias. Su <strong>uso sencillo y dise\u00f1o ergon\u00f3mico<\/strong> lo convierten en un aliado pr\u00e1ctico para el cuidado del peque\u00f1o.<\/p>\n\n\n\n<figure class=\"wp-block-image size-full is-style-default\"><a href=\"https:\/\/www.danubiobebe.com\/es\/a-banarse\/26538-termometro-miniland-thermoadvanced-easy-8413082893897.html\"><img loading=\"lazy\" decoding=\"async\" width=\"800\" height=\"889\" src=\"https:\/\/www.danubiobebe.com\/blog\/wp-content\/uploads\/2025\/07\/termometro-miniland-thermoadvanced-easy.jpg\" alt=\"Term\u00f3metro Miniland Thermoadvanced easy\" class=\"wp-image-1932\" srcset=\"https:\/\/www.danubiobebe.com\/blog\/wp-content\/uploads\/2025\/07\/termometro-miniland-thermoadvanced-easy.jpg 800w, https:\/\/www.danubiobebe.com\/blog\/wp-content\/uploads\/2025\/07\/termometro-miniland-thermoadvanced-easy-270x300.jpg 270w, https:\/\/www.danubiobebe.com\/blog\/wp-content\/uploads\/2025\/07\/termometro-miniland-thermoadvanced-easy-768x853.jpg 768w\" sizes=\"auto, (max-width: 800px) 100vw, 800px\" \/><\/a><\/figure>\n\n\n\n<div class=\"wp-block-buttons is-content-justification-center is-layout-flex wp-block-buttons-is-layout-flex\">\n<div class=\"wp-block-button\"><a class=\"wp-block-button__link has-black-color has-pale-cyan-blue-background-color has-text-color has-background\" href=\"https:\/\/www.danubiobebe.com\/es\/a-banarse\/26538-termometro-miniland-thermoadvanced-easy-8413082893897.html\">A\u00f1adir al carrito <\/a><\/div>\n<\/div>\n<\/div>\n\n\n\n<div class=\"wp-block-column is-layout-flow wp-block-column-is-layout-flow\">\n<h2 class=\"wp-block-heading\"><a href=\"https:\/\/www.danubiobebe.com\/es\/a-pasear-\/27718-saco-de-silla-pasito-a-pasito-somerset-invierno-2130907900001.html\">Saco de Silla Pasito a pasito Somerset Invierno<\/a><\/h2>\n\n\n\n<p>El <strong>saco de silla Pasito a Pasito Somerset<\/strong> es perfecto para los paseos de invierno. Dise\u00f1o elegante y <strong>materiales suaves y c\u00e1lidos<\/strong>, mantiene al beb\u00e9 abrigado y c\u00f3modo incluso en d\u00edas muy fr\u00edos.<\/p>\n\n\n\n<div class=\"wp-block-image is-style-default\"><figure class=\"aligncenter size-full\"><a href=\"https:\/\/www.danubiobebe.com\/es\/a-pasear-\/27718-saco-de-silla-pasito-a-pasito-somerset-invierno-2130907900001.html\"><img loading=\"lazy\" decoding=\"async\" width=\"800\" height=\"889\" src=\"https:\/\/www.danubiobebe.com\/blog\/wp-content\/uploads\/2025\/07\/saco-de-silla-pasito-a-pasito-somerset-invierno.jpg\" alt=\"Saco de Silla Pasito a pasito Somerset Invierno\" class=\"wp-image-1933\" srcset=\"https:\/\/www.danubiobebe.com\/blog\/wp-content\/uploads\/2025\/07\/saco-de-silla-pasito-a-pasito-somerset-invierno.jpg 800w, https:\/\/www.danubiobebe.com\/blog\/wp-content\/uploads\/2025\/07\/saco-de-silla-pasito-a-pasito-somerset-invierno-270x300.jpg 270w, https:\/\/www.danubiobebe.com\/blog\/wp-content\/uploads\/2025\/07\/saco-de-silla-pasito-a-pasito-somerset-invierno-768x853.jpg 768w\" sizes=\"auto, (max-width: 800px) 100vw, 800px\" \/><\/a><\/figure><\/div>\n\n\n\n<div class=\"wp-block-buttons is-content-justification-center is-layout-flex wp-block-buttons-is-layout-flex\">\n<div class=\"wp-block-button\"><a class=\"wp-block-button__link has-black-color has-pale-cyan-blue-background-color has-text-color has-background\" href=\"https:\/\/www.danubiobebe.com\/es\/a-pasear-\/27718-saco-de-silla-pasito-a-pasito-somerset-invierno-2130907900001.html\">A\u00f1adir al carrito <\/a><\/div>\n<\/div>\n<\/div>\n<\/div>\n\n\n\n<div class=\"wp-block-buttons is-layout-flex wp-block-buttons-is-layout-flex\"><\/div>\n\n\n\n<p>Si necesitas m\u00e1s informaci\u00f3n, no dudes en ponerte en contacto con nosotros a trav\u00e9s de <strong>nuestras redes sociales<\/strong> o en nuestras tiendas de <a href=\"https:\/\/www.google.com\/maps\/place\/Danubio+Bebe\/@36.433824,-6.14332,16z\/data=!4m6!3m5!1s0xd0c35ae564c19b9:0xa4c182b67fbd1d54!8m2!3d36.433824!4d-6.14332!16s%2Fg%2F1tf3q4gy?hl=es-ES\"><strong>Chiclana de la Frontera<\/strong><\/a>y <a href=\"https:\/\/www.google.com\/maps\/place\/Danubio+Bebe\/@36.1794338,-5.4453393,1564m\/data=!3m2!1e3!4b1!4m6!3m5!1s0xd0ceb06346857b5:0x6fbca480071baa54!8m2!3d36.1794338!4d-5.4453393!16s%2Fg%2F1z44bclny?entry=ttu&amp;g_ep=EgoyMDI1MDUyOC4wIKXMDSoASAFQAw%3D%3D\"><strong>Los Barrios<\/strong><\/a>. \u00a1Te esperamos!<\/p>\n","protected":false},"excerpt":{"rendered":"<p>Con la llegada del invierno, la prioridad es asegurar que los m\u00e1s peque\u00f1os est\u00e9n protegidos y c\u00f3modos en cada momento. Por ello, os traemos algunos consejos para que los m\u00e1s peque\u00f1os est\u00e9n agusto este invierno: V\u00edstele por capas: utiliza prendas f\u00e1ciles de poner y quitar que permitan comprobar su temperatura de manera r\u00e1pida y c\u00f3moda.&nbsp; [&hellip;]<\/p>\n","protected":false},"author":4,"featured_media":1329,"comment_status":"open","ping_status":"open","sticky":false,"template":"","format":"standard","meta":{"footnotes":""},"categories":[3],"tags":[],"class_list":["post-1322","post","type-post","status-publish","format-standard","has-post-thumbnail","hentry","category-consejos"],"yoast_head":"<!-- This site is optimized with the Yoast SEO plugin v26.6 - https:\/\/yoast.com\/wordpress\/plugins\/seo\/ -->\n<title>Protege a tu beb\u00e9 en invierno | Consejos y productos | Danubio<\/title>\n<meta name=\"description\" content=\"Con la llegada del invierno, la prioridad es asegurar que los m\u00e1s peque\u00f1os est\u00e9n protegidos y c\u00f3modos, os traemos algunos consejos\" \/>\n<meta name=\"robots\" content=\"index, follow, max-snippet:-1, max-image-preview:large, max-video-preview:-1\" \/>\n<link rel=\"canonical\" href=\"https:\/\/www.danubiobebe.com\/blog\/protege-a-tu-bebe-en-invierno\/\" \/>\n<meta property=\"og:locale\" content=\"es_ES\" \/>\n<meta property=\"og:type\" content=\"article\" \/>\n<meta property=\"og:title\" content=\"Protege a tu beb\u00e9 en invierno | Consejos y productos | Danubio\" \/>\n<meta property=\"og:description\" content=\"Con la llegada del invierno, la prioridad es asegurar que los m\u00e1s peque\u00f1os est\u00e9n protegidos y c\u00f3modos, os traemos algunos consejos\" \/>\n<meta property=\"og:url\" content=\"https:\/\/www.danubiobebe.com\/blog\/protege-a-tu-bebe-en-invierno\/\" \/>\n<meta property=\"og:site_name\" content=\"Danubio blog\" \/>\n<meta property=\"article:publisher\" content=\"https:\/\/www.facebook.com\/danubio.bebe\/\" \/>\n<meta property=\"article:published_time\" content=\"2025-02-02T11:59:00+00:00\" \/>\n<meta property=\"article:modified_time\" content=\"2025-07-24T08:21:14+00:00\" \/>\n<meta property=\"og:image\" content=\"https:\/\/www.danubiobebe.com\/blog\/wp-content\/uploads\/2024\/02\/portada.png\" \/>\n\t<meta property=\"og:image:width\" content=\"800\" \/>\n\t<meta property=\"og:image:height\" content=\"534\" \/>\n\t<meta property=\"og:image:type\" content=\"image\/png\" \/>\n<meta name=\"author\" content=\"Danubio Beb\u00e9\" \/>\n<meta name=\"twitter:card\" content=\"summary_large_image\" \/>\n<meta name=\"twitter:creator\" content=\"@danubiobebe\" \/>\n<meta name=\"twitter:site\" content=\"@danubiobebe\" \/>\n<meta name=\"twitter:label1\" content=\"Escrito por\" \/>\n\t<meta name=\"twitter:data1\" content=\"Danubio Beb\u00e9\" \/>\n\t<meta name=\"twitter:label2\" content=\"Tiempo de lectura\" \/>\n\t<meta name=\"twitter:data2\" content=\"3 minutos\" \/>\n<script type=\"application\/ld+json\" class=\"yoast-schema-graph\">{\"@context\":\"https:\/\/schema.org\",\"@graph\":[{\"@type\":\"WebPage\",\"@id\":\"https:\/\/www.danubiobebe.com\/blog\/protege-a-tu-bebe-en-invierno\/\",\"url\":\"https:\/\/www.danubiobebe.com\/blog\/protege-a-tu-bebe-en-invierno\/\",\"name\":\"Protege a tu beb\u00e9 en invierno | Consejos y productos | Danubio\",\"isPartOf\":{\"@id\":\"https:\/\/www.danubiobebe.com\/blog\/#website\"},\"primaryImageOfPage\":{\"@id\":\"https:\/\/www.danubiobebe.com\/blog\/protege-a-tu-bebe-en-invierno\/#primaryimage\"},\"image\":{\"@id\":\"https:\/\/www.danubiobebe.com\/blog\/protege-a-tu-bebe-en-invierno\/#primaryimage\"},\"thumbnailUrl\":\"https:\/\/www.danubiobebe.com\/blog\/wp-content\/uploads\/2024\/02\/portada.png\",\"datePublished\":\"2025-02-02T11:59:00+00:00\",\"dateModified\":\"2025-07-24T08:21:14+00:00\",\"author\":{\"@id\":\"https:\/\/www.danubiobebe.com\/blog\/#\/schema\/person\/2783880c335e1e9639139bafa815ba50\"},\"description\":\"Con la llegada del invierno, la prioridad es asegurar que los m\u00e1s peque\u00f1os est\u00e9n protegidos y c\u00f3modos, os traemos algunos consejos\",\"breadcrumb\":{\"@id\":\"https:\/\/www.danubiobebe.com\/blog\/protege-a-tu-bebe-en-invierno\/#breadcrumb\"},\"inLanguage\":\"es\",\"potentialAction\":[{\"@type\":\"ReadAction\",\"target\":[\"https:\/\/www.danubiobebe.com\/blog\/protege-a-tu-bebe-en-invierno\/\"]}]},{\"@type\":\"ImageObject\",\"inLanguage\":\"es\",\"@id\":\"https:\/\/www.danubiobebe.com\/blog\/protege-a-tu-bebe-en-invierno\/#primaryimage\",\"url\":\"https:\/\/www.danubiobebe.com\/blog\/wp-content\/uploads\/2024\/02\/portada.png\",\"contentUrl\":\"https:\/\/www.danubiobebe.com\/blog\/wp-content\/uploads\/2024\/02\/portada.png\",\"width\":800,\"height\":534,\"caption\":\"Portada. Protege a tu beb\u00e9 en invierno.\"},{\"@type\":\"BreadcrumbList\",\"@id\":\"https:\/\/www.danubiobebe.com\/blog\/protege-a-tu-bebe-en-invierno\/#breadcrumb\",\"itemListElement\":[{\"@type\":\"ListItem\",\"position\":1,\"name\":\"Portada\",\"item\":\"https:\/\/www.danubiobebe.com\/blog\/\"},{\"@type\":\"ListItem\",\"position\":2,\"name\":\"Protege a tu beb\u00e9 en invierno\"}]},{\"@type\":\"WebSite\",\"@id\":\"https:\/\/www.danubiobebe.com\/blog\/#website\",\"url\":\"https:\/\/www.danubiobebe.com\/blog\/\",\"name\":\"Danubio blog\",\"description\":\"Toda la actualidad en el mundo del beb\u00e9\",\"potentialAction\":[{\"@type\":\"SearchAction\",\"target\":{\"@type\":\"EntryPoint\",\"urlTemplate\":\"https:\/\/www.danubiobebe.com\/blog\/?s={search_term_string}\"},\"query-input\":{\"@type\":\"PropertyValueSpecification\",\"valueRequired\":true,\"valueName\":\"search_term_string\"}}],\"inLanguage\":\"es\"},{\"@type\":\"Person\",\"@id\":\"https:\/\/www.danubiobebe.com\/blog\/#\/schema\/person\/2783880c335e1e9639139bafa815ba50\",\"name\":\"Danubio Beb\u00e9\",\"url\":\"https:\/\/www.danubiobebe.com\/blog\/author\/chari\/\"}]}<\/script>\n<!-- \/ Yoast SEO plugin. -->","yoast_head_json":{"title":"Protege a tu beb\u00e9 en invierno | Consejos y productos | Danubio","description":"Con la llegada del invierno, la prioridad es asegurar que los m\u00e1s peque\u00f1os est\u00e9n protegidos y c\u00f3modos, os traemos algunos consejos","robots":{"index":"index","follow":"follow","max-snippet":"max-snippet:-1","max-image-preview":"max-image-preview:large","max-video-preview":"max-video-preview:-1"},"canonical":"https:\/\/www.danubiobebe.com\/blog\/protege-a-tu-bebe-en-invierno\/","og_locale":"es_ES","og_type":"article","og_title":"Protege a tu beb\u00e9 en invierno | Consejos y productos | Danubio","og_description":"Con la llegada del invierno, la prioridad es asegurar que los m\u00e1s peque\u00f1os est\u00e9n protegidos y c\u00f3modos, os traemos algunos consejos","og_url":"https:\/\/www.danubiobebe.com\/blog\/protege-a-tu-bebe-en-invierno\/","og_site_name":"Danubio blog","article_publisher":"https:\/\/www.facebook.com\/danubio.bebe\/","article_published_time":"2025-02-02T11:59:00+00:00","article_modified_time":"2025-07-24T08:21:14+00:00","og_image":[{"width":800,"height":534,"url":"https:\/\/www.danubiobebe.com\/blog\/wp-content\/uploads\/2024\/02\/portada.png","type":"image\/png"}],"author":"Danubio Beb\u00e9","twitter_card":"summary_large_image","twitter_creator":"@danubiobebe","twitter_site":"@danubiobebe","twitter_misc":{"Escrito por":"Danubio Beb\u00e9","Tiempo de lectura":"3 minutos"},"schema":{"@context":"https:\/\/schema.org","@graph":[{"@type":"WebPage","@id":"https:\/\/www.danubiobebe.com\/blog\/protege-a-tu-bebe-en-invierno\/","url":"https:\/\/www.danubiobebe.com\/blog\/protege-a-tu-bebe-en-invierno\/","name":"Protege a tu beb\u00e9 en invierno | Consejos y productos | Danubio","isPartOf":{"@id":"https:\/\/www.danubiobebe.com\/blog\/#website"},"primaryImageOfPage":{"@id":"https:\/\/www.danubiobebe.com\/blog\/protege-a-tu-bebe-en-invierno\/#primaryimage"},"image":{"@id":"https:\/\/www.danubiobebe.com\/blog\/protege-a-tu-bebe-en-invierno\/#primaryimage"},"thumbnailUrl":"https:\/\/www.danubiobebe.com\/blog\/wp-content\/uploads\/2024\/02\/portada.png","datePublished":"2025-02-02T11:59:00+00:00","dateModified":"2025-07-24T08:21:14+00:00","author":{"@id":"https:\/\/www.danubiobebe.com\/blog\/#\/schema\/person\/2783880c335e1e9639139bafa815ba50"},"description":"Con la llegada del invierno, la prioridad es asegurar que los m\u00e1s peque\u00f1os est\u00e9n protegidos y c\u00f3modos, os traemos algunos consejos","breadcrumb":{"@id":"https:\/\/www.danubiobebe.com\/blog\/protege-a-tu-bebe-en-invierno\/#breadcrumb"},"inLanguage":"es","potentialAction":[{"@type":"ReadAction","target":["https:\/\/www.danubiobebe.com\/blog\/protege-a-tu-bebe-en-invierno\/"]}]},{"@type":"ImageObject","inLanguage":"es","@id":"https:\/\/www.danubiobebe.com\/blog\/protege-a-tu-bebe-en-invierno\/#primaryimage","url":"https:\/\/www.danubiobebe.com\/blog\/wp-content\/uploads\/2024\/02\/portada.png","contentUrl":"https:\/\/www.danubiobebe.com\/blog\/wp-content\/uploads\/2024\/02\/portada.png","width":800,"height":534,"caption":"Portada. Protege a tu beb\u00e9 en invierno."},{"@type":"BreadcrumbList","@id":"https:\/\/www.danubiobebe.com\/blog\/protege-a-tu-bebe-en-invierno\/#breadcrumb","itemListElement":[{"@type":"ListItem","position":1,"name":"Portada","item":"https:\/\/www.danubiobebe.com\/blog\/"},{"@type":"ListItem","position":2,"name":"Protege a tu beb\u00e9 en invierno"}]},{"@type":"WebSite","@id":"https:\/\/www.danubiobebe.com\/blog\/#website","url":"https:\/\/www.danubiobebe.com\/blog\/","name":"Danubio blog","description":"Toda la actualidad en el mundo del beb\u00e9","potentialAction":[{"@type":"SearchAction","target":{"@type":"EntryPoint","urlTemplate":"https:\/\/www.danubiobebe.com\/blog\/?s={search_term_string}"},"query-input":{"@type":"PropertyValueSpecification","valueRequired":true,"valueName":"search_term_string"}}],"inLanguage":"es"},{"@type":"Person","@id":"https:\/\/www.danubiobebe.com\/blog\/#\/schema\/person\/2783880c335e1e9639139bafa815ba50","name":"Danubio Beb\u00e9","url":"https:\/\/www.danubiobebe.com\/blog\/author\/chari\/"}]}},"_links":{"self":[{"href":"https:\/\/www.danubiobebe.com\/blog\/wp-json\/wp\/v2\/posts\/1322","targetHints":{"allow":["GET"]}}],"collection":[{"href":"https:\/\/www.danubiobebe.com\/blog\/wp-json\/wp\/v2\/posts"}],"about":[{"href":"https:\/\/www.danubiobebe.com\/blog\/wp-json\/wp\/v2\/types\/post"}],"author":[{"embeddable":true,"href":"https:\/\/www.danubiobebe.com\/blog\/wp-json\/wp\/v2\/users\/4"}],"replies":[{"embeddable":true,"href":"https:\/\/www.danubiobebe.com\/blog\/wp-json\/wp\/v2\/comments?post=1322"}],"version-history":[{"count":8,"href":"https:\/\/www.danubiobebe.com\/blog\/wp-json\/wp\/v2\/posts\/1322\/revisions"}],"predecessor-version":[{"id":1994,"href":"https:\/\/www.danubiobebe.com\/blog\/wp-json\/wp\/v2\/posts\/1322\/revisions\/1994"}],"wp:featuredmedia":[{"embeddable":true,"href":"https:\/\/www.danubiobebe.com\/blog\/wp-json\/wp\/v2\/media\/1329"}],"wp:attachment":[{"href":"https:\/\/www.danubiobebe.com\/blog\/wp-json\/wp\/v2\/media?parent=1322"}],"wp:term":[{"taxonomy":"category","embeddable":true,"href":"https:\/\/www.danubiobebe.com\/blog\/wp-json\/wp\/v2\/categories?post=1322"},{"taxonomy":"post_tag","embeddable":true,"href":"https:\/\/www.danubiobebe.com\/blog\/wp-json\/wp\/v2\/tags?post=1322"}],"curies":[{"name":"wp","href":"https:\/\/api.w.org\/{rel}","templated":true}]}}