{"id":1202,"date":"2023-07-04T09:53:15","date_gmt":"2023-07-04T09:53:15","guid":{"rendered":"https:\/\/www.danubiobebe.com\/blog\/?p=1202"},"modified":"2023-07-05T11:41:40","modified_gmt":"2023-07-05T11:41:40","slug":"planeando-tus-vacaciones-de-verano","status":"publish","type":"post","link":"https:\/\/www.danubiobebe.com\/blog\/planeando-tus-vacaciones-de-verano\/","title":{"rendered":"\u00bfPlaneando tus vacaciones de verano?"},"content":{"rendered":"\n<p>Se acerca el momento tan esperado por muchos: <strong>\u00a1las vacaciones de verano!<\/strong> Disfruta del merecido descanso y crea recuerdos inolvidables junto a tu beb\u00e9. Si est\u00e1s planeando un viaje en coche, aqu\u00ed te dejamos cinco consejos clave para que todo sea m\u00e1s c\u00f3modo y seguro:<\/p>\n\n\n\n<ul class=\"wp-block-list\"><li><strong><u>Planifica paradas regulares:<\/u><\/strong> programa paradas frecuentes en lugares seguros para que tu peque\u00f1o pueda jugar, comer y relajarse.<\/li><li><strong><u>Organiza el espacio:<\/u><\/strong> aseg\u00farate de contar con suficiente espacio para los objetos esenciales del beb\u00e9.<\/li><li><strong><u>Establece un horario flexible: <\/u><\/strong>mant\u00e9n la rutina de sue\u00f1o y alimentaci\u00f3n de tu beb\u00e9 en la medida de lo posible, adapt\u00e1ndote siempre a las necesidades de tu peque\u00f1o durante el viaje.<\/li><li><strong><u>Entretenimiento a bordo:<\/u><\/strong> lleva juguetes, libros y canciones favoritas para mantener a tu beb\u00e9 entretenido durante el camino.<\/li><li><strong><u>Prioriza la seguridad:<\/u><\/strong> asegura correctamente la silla de auto de tu beb\u00e9 y verifica que est\u00e9 instalada de acuerdo con las recomendaciones del fabricante.<\/li><\/ul>\n\n\n\n<p>Con estos consejos, \u00a1estar\u00e1s listo para disfrutar de un maravilloso viaje en coche en compa\u00f1\u00eda de tu beb\u00e9!<\/p>\n\n\n\n<p>Desde Danubio queremos dejarte algunos productos que no te pueden faltar en la maleta de viaje para disfrutar de unas <strong>vacaciones en familia<\/strong>:<\/p>\n\n\n\n<p><strong><u><a href=\"https:\/\/www.danubiobebe.com\/es\/a-viajar\/2578-4017-mochila-portabebe-babybjorn-mini-mesh.html#\/223-color-arena\">MOCHILA PORTABEBE BABYBJORN MINI MESH<\/a><\/u><\/strong><\/p>\n\n\n\n<p>La mochila Porta Beb\u00e9 Mini Mesh de Babyjorn est\u00e1 dise\u00f1ada especialmente para que los primeros meses como padres sean m\u00e1s f\u00e1ciles y m\u00e1s c\u00f3modos; es suave, c\u00f3moda y f\u00e1cil de usar.<\/p>\n\n\n\n<div class=\"wp-block-image\"><figure class=\"aligncenter size-large is-resized\"><a href=\"https:\/\/www.danubiobebe.com\/es\/a-viajar\/2578-4017-mochila-portabebe-babybjorn-mini-mesh.html#\/223-color-arena\"><img loading=\"lazy\" decoding=\"async\" src=\"https:\/\/www.danubiobebe.com\/blog\/wp-content\/uploads\/2023\/07\/mochila-portabebe-babybjorn-mini-mesh.jpeg\" alt=\"\" class=\"wp-image-1203\" width=\"453\" height=\"503\" srcset=\"https:\/\/www.danubiobebe.com\/blog\/wp-content\/uploads\/2023\/07\/mochila-portabebe-babybjorn-mini-mesh.jpeg 800w, https:\/\/www.danubiobebe.com\/blog\/wp-content\/uploads\/2023\/07\/mochila-portabebe-babybjorn-mini-mesh-270x300.jpeg 270w, https:\/\/www.danubiobebe.com\/blog\/wp-content\/uploads\/2023\/07\/mochila-portabebe-babybjorn-mini-mesh-768x853.jpeg 768w\" sizes=\"auto, (max-width: 453px) 100vw, 453px\" \/><\/a><\/figure><\/div>\n\n\n\n<p><strong><u><a href=\"https:\/\/www.danubiobebe.com\/es\/cunas-de-viaje\/7895-1570-cuna-de-viaje-jane-duo-level-toys-2023.html#\/278-color-t82_cosmos\">CUNA DE VIAJE JANE DUO LEVEL TOYS 2023<\/a><\/u><\/strong><\/p>\n\n\n\n<p>Cuna de viaje con 2 niveles. Pensada para que la utilices desde muy beb\u00e9 con arco de juegos y bonitos diferentes colores. Incluye ruedas con freno tama\u00f1o est\u00e1ndar.<\/p>\n\n\n\n<div class=\"wp-block-image\"><figure class=\"aligncenter size-large is-resized\"><a href=\"https:\/\/www.danubiobebe.com\/es\/cunas-de-viaje\/7895-1570-cuna-de-viaje-jane-duo-level-toys-2023.html#\/278-color-t82_cosmos\"><img loading=\"lazy\" decoding=\"async\" src=\"https:\/\/www.danubiobebe.com\/blog\/wp-content\/uploads\/2023\/07\/cuna-de-viaje-jane-duo-level-toys-2023.jpeg\" alt=\"\" class=\"wp-image-1204\" width=\"474\" height=\"527\" srcset=\"https:\/\/www.danubiobebe.com\/blog\/wp-content\/uploads\/2023\/07\/cuna-de-viaje-jane-duo-level-toys-2023.jpeg 800w, https:\/\/www.danubiobebe.com\/blog\/wp-content\/uploads\/2023\/07\/cuna-de-viaje-jane-duo-level-toys-2023-270x300.jpeg 270w, https:\/\/www.danubiobebe.com\/blog\/wp-content\/uploads\/2023\/07\/cuna-de-viaje-jane-duo-level-toys-2023-768x853.jpeg 768w\" sizes=\"auto, (max-width: 474px) 100vw, 474px\" \/><\/a><\/figure><\/div>\n\n\n\n<p><strong><u><a href=\"https:\/\/www.danubiobebe.com\/es\/a-viajar\/26205-4265-cuna-de-viaje-jane-duo-level-compact-2023.html#\/277-color-t01_star\">CUNA DE VIAJE JAN\u00c9 DUO LEVEL COMPACT 2023<\/a><\/u><\/strong><\/p>\n\n\n\n<p>Moderna, ligera y compacta, es la nueva incorporaci\u00f3n de Jan\u00e9 pensada para que tu beb\u00e9 descanse c\u00f3modamente desde reci\u00e9n nacido.\u00a0<\/p>\n\n\n\n<div class=\"wp-block-image\"><figure class=\"aligncenter size-large is-resized\"><a href=\"https:\/\/www.danubiobebe.com\/es\/a-viajar\/26205-4265-cuna-de-viaje-jane-duo-level-compact-2023.html#\/277-color-t01_star\"><img loading=\"lazy\" decoding=\"async\" src=\"https:\/\/www.danubiobebe.com\/blog\/wp-content\/uploads\/2023\/07\/cuna-de-viaje-jane-duo-level-compact-2023.jpeg\" alt=\"\" class=\"wp-image-1213\" width=\"430\" height=\"477\" srcset=\"https:\/\/www.danubiobebe.com\/blog\/wp-content\/uploads\/2023\/07\/cuna-de-viaje-jane-duo-level-compact-2023.jpeg 800w, https:\/\/www.danubiobebe.com\/blog\/wp-content\/uploads\/2023\/07\/cuna-de-viaje-jane-duo-level-compact-2023-270x300.jpeg 270w, https:\/\/www.danubiobebe.com\/blog\/wp-content\/uploads\/2023\/07\/cuna-de-viaje-jane-duo-level-compact-2023-768x853.jpeg 768w\" sizes=\"auto, (max-width: 430px) 100vw, 430px\" \/><\/a><\/figure><\/div>\n\n\n\n<p><strong><u><a href=\"https:\/\/www.danubiobebe.com\/es\/a-viajar\/24589-1710-banera-jane-hinchable-3-posiciones.html#\/157-color-t49_aquarel_blue\">BA\u00d1ERA JANE HINCHABLE 3 POSICIONES<\/a><\/u><\/strong><\/p>\n\n\n\n<p>Ba\u00f1era hinchable de Jan\u00e9 con capacidad para 30 litros que evoluciona con el beb\u00e9 gracias a sus tres posiciones.<\/p>\n\n\n\n<div class=\"wp-block-image\"><figure class=\"aligncenter size-large is-resized\"><a href=\"https:\/\/www.danubiobebe.com\/es\/a-viajar\/24589-1710-banera-jane-hinchable-3-posiciones.html#\/157-color-t49_aquarel_blue\"><img loading=\"lazy\" decoding=\"async\" src=\"https:\/\/www.danubiobebe.com\/blog\/wp-content\/uploads\/2023\/07\/banera-jane-hinchable-3-posiciones.jpeg\" alt=\"\" class=\"wp-image-1206\" width=\"423\" height=\"470\" srcset=\"https:\/\/www.danubiobebe.com\/blog\/wp-content\/uploads\/2023\/07\/banera-jane-hinchable-3-posiciones.jpeg 800w, https:\/\/www.danubiobebe.com\/blog\/wp-content\/uploads\/2023\/07\/banera-jane-hinchable-3-posiciones-270x300.jpeg 270w, https:\/\/www.danubiobebe.com\/blog\/wp-content\/uploads\/2023\/07\/banera-jane-hinchable-3-posiciones-768x853.jpeg 768w\" sizes=\"auto, (max-width: 423px) 100vw, 423px\" \/><\/a><\/figure><\/div>\n\n\n\n<p><strong><u><a href=\"https:\/\/www.danubiobebe.com\/es\/accesorios\/1993-espejo-de-seguridad-jane-led-mirror-8420421074985.html\">ESPEJO DE SEGURIDAD JANE LED MIRROR<\/a><\/u><\/strong><\/p>\n\n\n\n<p>Espejo retrovisor con rotaci\u00f3n 360\u00ba para coche perfecto para vigilar siempre al beb\u00e9. Ajustable para soportar la cabeza del asiento trasero.<\/p>\n\n\n\n<div class=\"wp-block-image\"><figure class=\"aligncenter size-large is-resized\"><a href=\"https:\/\/www.danubiobebe.com\/es\/accesorios\/1993-espejo-de-seguridad-jane-led-mirror-8420421074985.html\"><img loading=\"lazy\" decoding=\"async\" src=\"https:\/\/www.danubiobebe.com\/blog\/wp-content\/uploads\/2023\/07\/espejo-de-seguridad-jane-led-mirror.jpeg\" alt=\"\" class=\"wp-image-1207\" width=\"456\" height=\"507\" srcset=\"https:\/\/www.danubiobebe.com\/blog\/wp-content\/uploads\/2023\/07\/espejo-de-seguridad-jane-led-mirror.jpeg 800w, https:\/\/www.danubiobebe.com\/blog\/wp-content\/uploads\/2023\/07\/espejo-de-seguridad-jane-led-mirror-270x300.jpeg 270w, https:\/\/www.danubiobebe.com\/blog\/wp-content\/uploads\/2023\/07\/espejo-de-seguridad-jane-led-mirror-768x853.jpeg 768w\" sizes=\"auto, (max-width: 456px) 100vw, 456px\" \/><\/a><\/figure><\/div>\n\n\n\n<p><strong><u><a href=\"https:\/\/www.danubiobebe.com\/es\/sillas-de-auto\/24227-947-silla-de-auto-cybex-anoris-t-isize-76115cm.html#\/59-color-soho_grey\">SILLA DE AUTO CYBEX ANORIS T I-SIZE<\/a><\/u><\/strong><\/p>\n\n\n\n<p>La silla en sentido favorable de la marcha es la primera de su categor\u00eda con airbag integrado de cuerpo completo, ofreciendo un 50 % m\u00e1s de protecci\u00f3n que las sillas de coche en sentido de la marcha convencionales. Se instala f\u00e1cilmente, ofrece mayor comodidad y m\u00e1s espacio.<\/p>\n\n\n\n<div class=\"wp-block-image\"><figure class=\"aligncenter size-large is-resized\"><a href=\"https:\/\/www.danubiobebe.com\/es\/sillas-de-auto\/24227-947-silla-de-auto-cybex-anoris-t-isize-76115cm.html#\/59-color-soho_grey\"><img loading=\"lazy\" decoding=\"async\" src=\"https:\/\/www.danubiobebe.com\/blog\/wp-content\/uploads\/2023\/07\/silla-de-auto-cybex-anoris-t-isize-76115cm.jpeg\" alt=\"\" class=\"wp-image-1208\" width=\"502\" height=\"558\" srcset=\"https:\/\/www.danubiobebe.com\/blog\/wp-content\/uploads\/2023\/07\/silla-de-auto-cybex-anoris-t-isize-76115cm.jpeg 800w, https:\/\/www.danubiobebe.com\/blog\/wp-content\/uploads\/2023\/07\/silla-de-auto-cybex-anoris-t-isize-76115cm-270x300.jpeg 270w, https:\/\/www.danubiobebe.com\/blog\/wp-content\/uploads\/2023\/07\/silla-de-auto-cybex-anoris-t-isize-76115cm-768x853.jpeg 768w\" sizes=\"auto, (max-width: 502px) 100vw, 502px\" \/><\/a><\/figure><\/div>\n\n\n\n<p>Esperamos que os sean \u00fatiles tanto nuestros consejos como nuestros productos, y que disfrut\u00e9is al m\u00e1ximo de las vacaciones de verano. <strong>\u00a1Desde <a href=\"https:\/\/www.danubiobebe.com\/es\/\">Danubio Beb\u00e9<\/a> os deseamos felices vacaciones en familia!<\/strong><\/p>\n","protected":false},"excerpt":{"rendered":"<p>Se acerca el momento tan esperado por muchos: \u00a1las vacaciones de verano! Disfruta del merecido descanso y crea recuerdos inolvidables junto a tu beb\u00e9. Si est\u00e1s planeando un viaje en coche, aqu\u00ed te dejamos cinco consejos clave para que todo sea m\u00e1s c\u00f3modo y seguro: Planifica paradas regulares: programa paradas frecuentes en lugares seguros para [&hellip;]<\/p>\n","protected":false},"author":4,"featured_media":1209,"comment_status":"open","ping_status":"open","sticky":false,"template":"","format":"standard","meta":{"footnotes":""},"categories":[3,2],"tags":[],"class_list":["post-1202","post","type-post","status-publish","format-standard","has-post-thumbnail","hentry","category-consejos","category-seguridad"],"yoast_head":"<!-- This site is optimized with the Yoast SEO plugin v26.6 - https:\/\/yoast.com\/wordpress\/plugins\/seo\/ -->\n<title>Vacaciones de verano con tu beb\u00e9 | Consejos y productos<\/title>\n<meta name=\"robots\" content=\"index, follow, max-snippet:-1, max-image-preview:large, max-video-preview:-1\" \/>\n<link rel=\"canonical\" href=\"https:\/\/www.danubiobebe.com\/blog\/planeando-tus-vacaciones-de-verano\/\" \/>\n<meta property=\"og:locale\" content=\"es_ES\" \/>\n<meta property=\"og:type\" content=\"article\" \/>\n<meta property=\"og:title\" content=\"Vacaciones de verano con tu beb\u00e9 | Consejos y productos\" \/>\n<meta property=\"og:description\" content=\"Se acerca el momento tan esperado por muchos: \u00a1las vacaciones de verano! Disfruta del merecido descanso y crea recuerdos inolvidables junto a tu beb\u00e9. Si est\u00e1s planeando un viaje en coche, aqu\u00ed te dejamos cinco consejos clave para que todo sea m\u00e1s c\u00f3modo y seguro: Planifica paradas regulares: programa paradas frecuentes en lugares seguros para [&hellip;]\" \/>\n<meta property=\"og:url\" content=\"https:\/\/www.danubiobebe.com\/blog\/planeando-tus-vacaciones-de-verano\/\" \/>\n<meta property=\"og:site_name\" content=\"Danubio blog\" \/>\n<meta property=\"article:publisher\" content=\"https:\/\/www.facebook.com\/danubio.bebe\/\" \/>\n<meta property=\"article:published_time\" content=\"2023-07-04T09:53:15+00:00\" \/>\n<meta property=\"article:modified_time\" content=\"2023-07-05T11:41:40+00:00\" \/>\n<meta property=\"og:image\" content=\"https:\/\/www.danubiobebe.com\/blog\/wp-content\/uploads\/2023\/07\/portadanoticiajunio.png\" \/>\n\t<meta property=\"og:image:width\" content=\"800\" \/>\n\t<meta property=\"og:image:height\" content=\"534\" \/>\n\t<meta property=\"og:image:type\" content=\"image\/png\" \/>\n<meta name=\"author\" content=\"Danubio Beb\u00e9\" \/>\n<meta name=\"twitter:card\" content=\"summary_large_image\" \/>\n<meta name=\"twitter:creator\" content=\"@danubiobebe\" \/>\n<meta name=\"twitter:site\" content=\"@danubiobebe\" \/>\n<meta name=\"twitter:label1\" content=\"Escrito por\" \/>\n\t<meta name=\"twitter:data1\" content=\"Danubio Beb\u00e9\" \/>\n\t<meta name=\"twitter:label2\" content=\"Tiempo de lectura\" \/>\n\t<meta name=\"twitter:data2\" content=\"2 minutos\" \/>\n<script type=\"application\/ld+json\" class=\"yoast-schema-graph\">{\"@context\":\"https:\/\/schema.org\",\"@graph\":[{\"@type\":\"WebPage\",\"@id\":\"https:\/\/www.danubiobebe.com\/blog\/planeando-tus-vacaciones-de-verano\/\",\"url\":\"https:\/\/www.danubiobebe.com\/blog\/planeando-tus-vacaciones-de-verano\/\",\"name\":\"Vacaciones de verano con tu beb\u00e9 | Consejos y productos\",\"isPartOf\":{\"@id\":\"https:\/\/www.danubiobebe.com\/blog\/#website\"},\"primaryImageOfPage\":{\"@id\":\"https:\/\/www.danubiobebe.com\/blog\/planeando-tus-vacaciones-de-verano\/#primaryimage\"},\"image\":{\"@id\":\"https:\/\/www.danubiobebe.com\/blog\/planeando-tus-vacaciones-de-verano\/#primaryimage\"},\"thumbnailUrl\":\"https:\/\/www.danubiobebe.com\/blog\/wp-content\/uploads\/2023\/07\/portadanoticiajunio.png\",\"datePublished\":\"2023-07-04T09:53:15+00:00\",\"dateModified\":\"2023-07-05T11:41:40+00:00\",\"author\":{\"@id\":\"https:\/\/www.danubiobebe.com\/blog\/#\/schema\/person\/2783880c335e1e9639139bafa815ba50\"},\"breadcrumb\":{\"@id\":\"https:\/\/www.danubiobebe.com\/blog\/planeando-tus-vacaciones-de-verano\/#breadcrumb\"},\"inLanguage\":\"es\",\"potentialAction\":[{\"@type\":\"ReadAction\",\"target\":[\"https:\/\/www.danubiobebe.com\/blog\/planeando-tus-vacaciones-de-verano\/\"]}]},{\"@type\":\"ImageObject\",\"inLanguage\":\"es\",\"@id\":\"https:\/\/www.danubiobebe.com\/blog\/planeando-tus-vacaciones-de-verano\/#primaryimage\",\"url\":\"https:\/\/www.danubiobebe.com\/blog\/wp-content\/uploads\/2023\/07\/portadanoticiajunio.png\",\"contentUrl\":\"https:\/\/www.danubiobebe.com\/blog\/wp-content\/uploads\/2023\/07\/portadanoticiajunio.png\",\"width\":800,\"height\":534,\"caption\":\"\u00bfPlaneando las vacaciones de verano? Portada.\"},{\"@type\":\"BreadcrumbList\",\"@id\":\"https:\/\/www.danubiobebe.com\/blog\/planeando-tus-vacaciones-de-verano\/#breadcrumb\",\"itemListElement\":[{\"@type\":\"ListItem\",\"position\":1,\"name\":\"Portada\",\"item\":\"https:\/\/www.danubiobebe.com\/blog\/\"},{\"@type\":\"ListItem\",\"position\":2,\"name\":\"\u00bfPlaneando tus vacaciones de verano?\"}]},{\"@type\":\"WebSite\",\"@id\":\"https:\/\/www.danubiobebe.com\/blog\/#website\",\"url\":\"https:\/\/www.danubiobebe.com\/blog\/\",\"name\":\"Danubio blog\",\"description\":\"Toda la actualidad en el mundo del beb\u00e9\",\"potentialAction\":[{\"@type\":\"SearchAction\",\"target\":{\"@type\":\"EntryPoint\",\"urlTemplate\":\"https:\/\/www.danubiobebe.com\/blog\/?s={search_term_string}\"},\"query-input\":{\"@type\":\"PropertyValueSpecification\",\"valueRequired\":true,\"valueName\":\"search_term_string\"}}],\"inLanguage\":\"es\"},{\"@type\":\"Person\",\"@id\":\"https:\/\/www.danubiobebe.com\/blog\/#\/schema\/person\/2783880c335e1e9639139bafa815ba50\",\"name\":\"Danubio Beb\u00e9\",\"url\":\"https:\/\/www.danubiobebe.com\/blog\/author\/chari\/\"}]}<\/script>\n<!-- \/ Yoast SEO plugin. -->","yoast_head_json":{"title":"Vacaciones de verano con tu beb\u00e9 | Consejos y productos","robots":{"index":"index","follow":"follow","max-snippet":"max-snippet:-1","max-image-preview":"max-image-preview:large","max-video-preview":"max-video-preview:-1"},"canonical":"https:\/\/www.danubiobebe.com\/blog\/planeando-tus-vacaciones-de-verano\/","og_locale":"es_ES","og_type":"article","og_title":"Vacaciones de verano con tu beb\u00e9 | Consejos y productos","og_description":"Se acerca el momento tan esperado por muchos: \u00a1las vacaciones de verano! Disfruta del merecido descanso y crea recuerdos inolvidables junto a tu beb\u00e9. Si est\u00e1s planeando un viaje en coche, aqu\u00ed te dejamos cinco consejos clave para que todo sea m\u00e1s c\u00f3modo y seguro: Planifica paradas regulares: programa paradas frecuentes en lugares seguros para [&hellip;]","og_url":"https:\/\/www.danubiobebe.com\/blog\/planeando-tus-vacaciones-de-verano\/","og_site_name":"Danubio blog","article_publisher":"https:\/\/www.facebook.com\/danubio.bebe\/","article_published_time":"2023-07-04T09:53:15+00:00","article_modified_time":"2023-07-05T11:41:40+00:00","og_image":[{"width":800,"height":534,"url":"https:\/\/www.danubiobebe.com\/blog\/wp-content\/uploads\/2023\/07\/portadanoticiajunio.png","type":"image\/png"}],"author":"Danubio Beb\u00e9","twitter_card":"summary_large_image","twitter_creator":"@danubiobebe","twitter_site":"@danubiobebe","twitter_misc":{"Escrito por":"Danubio Beb\u00e9","Tiempo de lectura":"2 minutos"},"schema":{"@context":"https:\/\/schema.org","@graph":[{"@type":"WebPage","@id":"https:\/\/www.danubiobebe.com\/blog\/planeando-tus-vacaciones-de-verano\/","url":"https:\/\/www.danubiobebe.com\/blog\/planeando-tus-vacaciones-de-verano\/","name":"Vacaciones de verano con tu beb\u00e9 | Consejos y productos","isPartOf":{"@id":"https:\/\/www.danubiobebe.com\/blog\/#website"},"primaryImageOfPage":{"@id":"https:\/\/www.danubiobebe.com\/blog\/planeando-tus-vacaciones-de-verano\/#primaryimage"},"image":{"@id":"https:\/\/www.danubiobebe.com\/blog\/planeando-tus-vacaciones-de-verano\/#primaryimage"},"thumbnailUrl":"https:\/\/www.danubiobebe.com\/blog\/wp-content\/uploads\/2023\/07\/portadanoticiajunio.png","datePublished":"2023-07-04T09:53:15+00:00","dateModified":"2023-07-05T11:41:40+00:00","author":{"@id":"https:\/\/www.danubiobebe.com\/blog\/#\/schema\/person\/2783880c335e1e9639139bafa815ba50"},"breadcrumb":{"@id":"https:\/\/www.danubiobebe.com\/blog\/planeando-tus-vacaciones-de-verano\/#breadcrumb"},"inLanguage":"es","potentialAction":[{"@type":"ReadAction","target":["https:\/\/www.danubiobebe.com\/blog\/planeando-tus-vacaciones-de-verano\/"]}]},{"@type":"ImageObject","inLanguage":"es","@id":"https:\/\/www.danubiobebe.com\/blog\/planeando-tus-vacaciones-de-verano\/#primaryimage","url":"https:\/\/www.danubiobebe.com\/blog\/wp-content\/uploads\/2023\/07\/portadanoticiajunio.png","contentUrl":"https:\/\/www.danubiobebe.com\/blog\/wp-content\/uploads\/2023\/07\/portadanoticiajunio.png","width":800,"height":534,"caption":"\u00bfPlaneando las vacaciones de verano? Portada."},{"@type":"BreadcrumbList","@id":"https:\/\/www.danubiobebe.com\/blog\/planeando-tus-vacaciones-de-verano\/#breadcrumb","itemListElement":[{"@type":"ListItem","position":1,"name":"Portada","item":"https:\/\/www.danubiobebe.com\/blog\/"},{"@type":"ListItem","position":2,"name":"\u00bfPlaneando tus vacaciones de verano?"}]},{"@type":"WebSite","@id":"https:\/\/www.danubiobebe.com\/blog\/#website","url":"https:\/\/www.danubiobebe.com\/blog\/","name":"Danubio blog","description":"Toda la actualidad en el mundo del beb\u00e9","potentialAction":[{"@type":"SearchAction","target":{"@type":"EntryPoint","urlTemplate":"https:\/\/www.danubiobebe.com\/blog\/?s={search_term_string}"},"query-input":{"@type":"PropertyValueSpecification","valueRequired":true,"valueName":"search_term_string"}}],"inLanguage":"es"},{"@type":"Person","@id":"https:\/\/www.danubiobebe.com\/blog\/#\/schema\/person\/2783880c335e1e9639139bafa815ba50","name":"Danubio Beb\u00e9","url":"https:\/\/www.danubiobebe.com\/blog\/author\/chari\/"}]}},"_links":{"self":[{"href":"https:\/\/www.danubiobebe.com\/blog\/wp-json\/wp\/v2\/posts\/1202","targetHints":{"allow":["GET"]}}],"collection":[{"href":"https:\/\/www.danubiobebe.com\/blog\/wp-json\/wp\/v2\/posts"}],"about":[{"href":"https:\/\/www.danubiobebe.com\/blog\/wp-json\/wp\/v2\/types\/post"}],"author":[{"embeddable":true,"href":"https:\/\/www.danubiobebe.com\/blog\/wp-json\/wp\/v2\/users\/4"}],"replies":[{"embeddable":true,"href":"https:\/\/www.danubiobebe.com\/blog\/wp-json\/wp\/v2\/comments?post=1202"}],"version-history":[{"count":5,"href":"https:\/\/www.danubiobebe.com\/blog\/wp-json\/wp\/v2\/posts\/1202\/revisions"}],"predecessor-version":[{"id":1216,"href":"https:\/\/www.danubiobebe.com\/blog\/wp-json\/wp\/v2\/posts\/1202\/revisions\/1216"}],"wp:featuredmedia":[{"embeddable":true,"href":"https:\/\/www.danubiobebe.com\/blog\/wp-json\/wp\/v2\/media\/1209"}],"wp:attachment":[{"href":"https:\/\/www.danubiobebe.com\/blog\/wp-json\/wp\/v2\/media?parent=1202"}],"wp:term":[{"taxonomy":"category","embeddable":true,"href":"https:\/\/www.danubiobebe.com\/blog\/wp-json\/wp\/v2\/categories?post=1202"},{"taxonomy":"post_tag","embeddable":true,"href":"https:\/\/www.danubiobebe.com\/blog\/wp-json\/wp\/v2\/tags?post=1202"}],"curies":[{"name":"wp","href":"https:\/\/api.w.org\/{rel}","templated":true}]}}