{"id":1050,"date":"2025-03-03T11:17:00","date_gmt":"2025-03-03T11:17:00","guid":{"rendered":"https:\/\/www.danubiobebe.com\/blog\/?p=1050"},"modified":"2025-08-13T11:17:41","modified_gmt":"2025-08-13T11:17:41","slug":"las-mejores-cunas-y-minicunas","status":"publish","type":"post","link":"https:\/\/www.danubiobebe.com\/blog\/las-mejores-cunas-y-minicunas\/","title":{"rendered":"Las mejores cunas y minicunas"},"content":{"rendered":"\n<p>El descanso es fundamental para el desarrollo de los m\u00e1s peque\u00f1os. Un sue\u00f1o de calidad no solo mejora su memoria y estado de \u00e1nimo, sino que tambi\u00e9n favorece su crecimiento, fortalece su sistema inmunol\u00f3gico y reduce el riesgo de problemas de comportamiento o irritabilidad. Durante el sue\u00f1o, el cuerpo y el cerebro del beb\u00e9 trabajan intensamente para desarrollarse, por lo que garantizar un entorno adecuado es clave.<\/p>\n\n\n\n<p>En <strong>Danubio Beb\u00e9<\/strong> lo sabemos bien, y por eso hemos seleccionado las mejores cunas y minicunas que no solo aseguran comodidad y seguridad, sino que tambi\u00e9n contribuyen a establecer h\u00e1bitos de sue\u00f1o saludables desde el primer d\u00eda.<\/p>\n\n\n\n<div class=\"wp-block-columns is-layout-flex wp-container-core-columns-is-layout-9d6595d7 wp-block-columns-is-layout-flex\">\n<div class=\"wp-block-column is-layout-flow wp-block-column-is-layout-flow\">\n<h3 class=\"wp-block-heading\">CUNA MICUNA COLECHO AILA<\/h3>\n\n\n\n<p>Cuna colecho de 120&#215;60 con lateral abatible y ruedas. Adem\u00e1s se puede colocar el somier en 3 posiciones diferentes y un lateral abatible.<\/p>\n\n\n\n<figure class=\"wp-block-image size-large\"><a href=\"https:\/\/www.danubiobebe.com\/es\/a-dormir\/27344-9417-cuna-micuna-colecho-aila.html#\/3177-color-blanco_cera_natural\"><img decoding=\"async\" src=\"https:\/\/www.danubiobebe.com\/blog\/wp-content\/uploads\/2025\/08\/cuna-micuna-colecho-aila.jpg\" alt=\"\" class=\"wp-image-2014\" width=\"NaN\" height=\"NaN\" srcset=\"https:\/\/www.danubiobebe.com\/blog\/wp-content\/uploads\/2025\/08\/cuna-micuna-colecho-aila.jpg 800w, https:\/\/www.danubiobebe.com\/blog\/wp-content\/uploads\/2025\/08\/cuna-micuna-colecho-aila-270x300.jpg 270w, https:\/\/www.danubiobebe.com\/blog\/wp-content\/uploads\/2025\/08\/cuna-micuna-colecho-aila-768x853.jpg 768w\" sizes=\"(max-width: 800px) 100vw, 800px\" \/><\/a><\/figure>\n\n\n\n<div class=\"wp-block-buttons is-layout-flex wp-block-buttons-is-layout-flex\">\n<div class=\"wp-block-button has-custom-width wp-block-button__width-100\"><a class=\"wp-block-button__link has-white-color has-text-color has-background no-border-radius\" href=\"https:\/\/www.danubiobebe.com\/es\/a-dormir\/27344-9417-cuna-micuna-colecho-aila.html#\/3177-color-blanco_cera_natural\" style=\"background-color:#e27f28\" rel=\"\">Ver producto<\/a><\/div>\n<\/div>\n<\/div>\n\n\n\n<div class=\"wp-block-column is-layout-flow wp-block-column-is-layout-flow\">\n<h3 class=\"wp-block-heading\">CUNA IKID OSITO C\/ESTRELLAS 99AI013<\/h3>\n\n\n\n<p>Cuna de 60&#215;120 cm con un dise\u00f1o tierno de osito y estrellas. Estructura robusta y segura, ideal como cuna fija para el dormitorio del beb\u00e9.<\/p>\n\n\n\n<figure class=\"wp-block-image size-large\"><a href=\"https:\/\/www.danubiobebe.com\/es\/a-dormir\/25768-4794-cuna-ikid-osito-cestrellas-99ai013.html#\/11-color-blanco\"><img decoding=\"async\" src=\"https:\/\/www.danubiobebe.com\/blog\/wp-content\/uploads\/2025\/08\/cuna-ikid-osito-cestrellas-99ai013.jpg\" alt=\"\" class=\"wp-image-2015\" width=\"NaN\" height=\"NaN\" srcset=\"https:\/\/www.danubiobebe.com\/blog\/wp-content\/uploads\/2025\/08\/cuna-ikid-osito-cestrellas-99ai013.jpg 800w, https:\/\/www.danubiobebe.com\/blog\/wp-content\/uploads\/2025\/08\/cuna-ikid-osito-cestrellas-99ai013-270x300.jpg 270w, https:\/\/www.danubiobebe.com\/blog\/wp-content\/uploads\/2025\/08\/cuna-ikid-osito-cestrellas-99ai013-768x853.jpg 768w\" sizes=\"(max-width: 800px) 100vw, 800px\" \/><\/a><\/figure>\n\n\n\n<div class=\"wp-block-buttons is-layout-flex wp-block-buttons-is-layout-flex\">\n<div class=\"wp-block-button has-custom-width wp-block-button__width-100\"><a class=\"wp-block-button__link has-white-color has-text-color has-background no-border-radius\" href=\"https:\/\/www.danubiobebe.com\/es\/a-dormir\/25768-4794-cuna-ikid-osito-cestrellas-99ai013.html#\/11-color-blanco\" style=\"background-color:#e27f28\">Ver producto<\/a><\/div>\n<\/div>\n<\/div>\n<\/div>\n\n\n\n<div class=\"wp-block-columns is-layout-flex wp-container-core-columns-is-layout-9d6595d7 wp-block-columns-is-layout-flex\">\n<div class=\"wp-block-column is-layout-flow wp-block-column-is-layout-flow\">\n<h3 class=\"wp-block-heading\">CUNA TRAMA COLECHO ARTEMIS <\/h3>\n\n\n\n<p>Cuna de 120&#215;60 cm, dise\u00f1o moderno estilo n\u00f3rdico en madera. Posee un lateral abatible, ruedas con bloqueo, adem\u00e1s de 5 alturas regulables.<\/p>\n\n\n\n<figure class=\"wp-block-image size-large\"><a href=\"https:\/\/www.danubiobebe.com\/es\/a-dormir\/26064-11542-cuna-trama-colecho-artemis-724.html#\/4154-color-blanco_mate_tola\"><img decoding=\"async\" src=\"https:\/\/www.danubiobebe.com\/blog\/wp-content\/uploads\/2025\/08\/cuna-trama-colecho-artemis-724.jpg\" alt=\"\" class=\"wp-image-2016\" width=\"NaN\" height=\"NaN\" srcset=\"https:\/\/www.danubiobebe.com\/blog\/wp-content\/uploads\/2025\/08\/cuna-trama-colecho-artemis-724.jpg 800w, https:\/\/www.danubiobebe.com\/blog\/wp-content\/uploads\/2025\/08\/cuna-trama-colecho-artemis-724-270x300.jpg 270w, https:\/\/www.danubiobebe.com\/blog\/wp-content\/uploads\/2025\/08\/cuna-trama-colecho-artemis-724-768x853.jpg 768w\" sizes=\"(max-width: 800px) 100vw, 800px\" \/><\/a><\/figure>\n\n\n\n<div class=\"wp-block-buttons is-layout-flex wp-block-buttons-is-layout-flex\">\n<div class=\"wp-block-button has-custom-width wp-block-button__width-100\"><a class=\"wp-block-button__link has-white-color has-text-color has-background no-border-radius\" href=\"https:\/\/www.danubiobebe.com\/es\/a-dormir\/26064-11542-cuna-trama-colecho-artemis-724.html#\/4154-color-blanco_mate_tola\" style=\"background-color:#e27f28\">Ver producto<\/a><\/div>\n<\/div>\n<\/div>\n\n\n\n<div class=\"wp-block-column is-layout-flow wp-block-column-is-layout-flow\">\n<h3 class=\"wp-block-heading\">MINICUNA COLECHO CHICCO NEXT2ME FOREVER<\/h3>\n\n\n\n<p>Cuna 3 en 1: colecho, cuna tradicional y cama infantil. Ajustable en altura y con lateral abatible. Ideal para usar desde el nacimiento hasta los 4 a\u00f1os.<\/p>\n\n\n\n<figure class=\"wp-block-image size-large is-resized\"><a href=\"https:\/\/www.danubiobebe.com\/es\/a-dormir\/9870-10467-minicuna-colecho-chicco-next2me-forever.html#\/3820-color-almond\"><img loading=\"lazy\" decoding=\"async\" src=\"https:\/\/www.danubiobebe.com\/blog\/wp-content\/uploads\/2025\/08\/minicuna-colecho-chicco-next2me-forever.jpg\" alt=\"\" class=\"wp-image-2017\" width=\"375\" height=\"416\" srcset=\"https:\/\/www.danubiobebe.com\/blog\/wp-content\/uploads\/2025\/08\/minicuna-colecho-chicco-next2me-forever.jpg 800w, https:\/\/www.danubiobebe.com\/blog\/wp-content\/uploads\/2025\/08\/minicuna-colecho-chicco-next2me-forever-270x300.jpg 270w, https:\/\/www.danubiobebe.com\/blog\/wp-content\/uploads\/2025\/08\/minicuna-colecho-chicco-next2me-forever-768x853.jpg 768w\" sizes=\"auto, (max-width: 375px) 100vw, 375px\" \/><\/a><\/figure>\n\n\n\n<div class=\"wp-block-buttons is-layout-flex wp-block-buttons-is-layout-flex\">\n<div class=\"wp-block-button has-custom-width wp-block-button__width-100\"><a class=\"wp-block-button__link has-white-color has-text-color has-background no-border-radius\" href=\"https:\/\/www.danubiobebe.com\/es\/a-dormir\/9870-10467-minicuna-colecho-chicco-next2me-forever.html#\/3820-color-almond\" style=\"background-color:#e27f28\">Ver producto<\/a><\/div>\n<\/div>\n<\/div>\n<\/div>\n\n\n\n<div class=\"wp-block-columns is-layout-flex wp-container-core-columns-is-layout-9d6595d7 wp-block-columns-is-layout-flex\">\n<div class=\"wp-block-column is-layout-flow wp-block-column-is-layout-flow\">\n<h3 class=\"wp-block-heading\">MINICUNA COLECHO MAXI COSI IORA AIR<\/h3>\n\n\n\n<p>Minicuna de colecho con dise\u00f1o elegante, altura ajustable y cesta inferior. C\u00f3moda y ventilada, ideal para mantener al beb\u00e9 cerca por la noche.<\/p>\n\n\n\n<div class=\"wp-block-image\"><figure class=\"aligncenter size-large\"><a href=\"https:\/\/www.danubiobebe.com\/es\/a-dormir\/27290-9793-minicuna-colecho-maxi-cosi-iora-air.html#\/2913-color-beyond_green_eco\"><img decoding=\"async\" src=\"https:\/\/www.danubiobebe.com\/blog\/wp-content\/uploads\/2025\/08\/minicuna-colecho-maxi-cosi-iora-air.jpg\" alt=\"\" class=\"wp-image-2018\" width=\"NaN\" height=\"NaN\" srcset=\"https:\/\/www.danubiobebe.com\/blog\/wp-content\/uploads\/2025\/08\/minicuna-colecho-maxi-cosi-iora-air.jpg 800w, https:\/\/www.danubiobebe.com\/blog\/wp-content\/uploads\/2025\/08\/minicuna-colecho-maxi-cosi-iora-air-270x300.jpg 270w, https:\/\/www.danubiobebe.com\/blog\/wp-content\/uploads\/2025\/08\/minicuna-colecho-maxi-cosi-iora-air-768x853.jpg 768w\" sizes=\"(max-width: 800px) 100vw, 800px\" \/><\/a><\/figure><\/div>\n\n\n\n<div class=\"wp-block-buttons is-layout-flex wp-block-buttons-is-layout-flex\">\n<div class=\"wp-block-button has-custom-width wp-block-button__width-100\"><a class=\"wp-block-button__link has-white-color has-text-color has-background no-border-radius\" href=\"https:\/\/www.danubiobebe.com\/es\/a-dormir\/27290-9793-minicuna-colecho-maxi-cosi-iora-air.html#\/2913-color-beyond_green_eco\" style=\"background-color:#e27f28\">Ver producto<\/a><\/div>\n<\/div>\n<\/div>\n\n\n\n<div class=\"wp-block-column is-layout-flow wp-block-column-is-layout-flow\">\n<h3 class=\"wp-block-heading\"><a href=\"https:\/\/www.danubiobebe.com\/es\/a-dormir\/24543-9443-minicuna-colecho-jane-babysideiii.html#\/1765-color-u78_botanic\">MINICUNA COLECHO JANE BABYSIDE-III<\/a><\/h3>\n\n\n\n<p>Minicuna colecho completa con textil incluido. Compatible con todo tipo de camas, f\u00e1cil de ajustar y perfecta para los primeros meses del beb\u00e9.<\/p>\n\n\n\n<div class=\"wp-block-image\"><figure class=\"aligncenter size-large\"><a href=\"https:\/\/www.danubiobebe.com\/es\/a-dormir\/24543-9443-minicuna-colecho-jane-babysideiii.html#\/1765-color-u78_botanic\"><img decoding=\"async\" src=\"https:\/\/www.danubiobebe.com\/blog\/wp-content\/uploads\/2025\/08\/minicuna-colecho-jane-babysideiii.jpg\" alt=\"\" class=\"wp-image-2019\" width=\"NaN\" height=\"NaN\" srcset=\"https:\/\/www.danubiobebe.com\/blog\/wp-content\/uploads\/2025\/08\/minicuna-colecho-jane-babysideiii.jpg 800w, https:\/\/www.danubiobebe.com\/blog\/wp-content\/uploads\/2025\/08\/minicuna-colecho-jane-babysideiii-270x300.jpg 270w, https:\/\/www.danubiobebe.com\/blog\/wp-content\/uploads\/2025\/08\/minicuna-colecho-jane-babysideiii-768x853.jpg 768w\" sizes=\"(max-width: 800px) 100vw, 800px\" \/><\/a><\/figure><\/div>\n\n\n\n<div class=\"wp-block-buttons is-layout-flex wp-block-buttons-is-layout-flex\">\n<div class=\"wp-block-button has-custom-width wp-block-button__width-100\"><a class=\"wp-block-button__link has-white-color has-text-color has-background no-border-radius\" href=\"https:\/\/www.danubiobebe.com\/es\/a-dormir\/24543-9443-minicuna-colecho-jane-babysideiii.html#\/1765-color-u78_botanic\" style=\"background-color:#e27f28\">Ver producto<\/a><\/div>\n<\/div>\n<\/div>\n<\/div>\n\n\n\n<h2 class=\"wp-block-heading\">\u00ad\u00ad\u00adConsejos para el descanso del beb\u00e9<\/h2>\n\n\n\n<ul class=\"wp-block-list\" id=\"block-569883e3-e2e0-44c3-a5f6-11756f55aa6a\"><li>Acuesta al beb\u00e9 antes de que est\u00e9 demasiado cansado. Dejarlo despierto para que \u201cse canse\u201d puede dificultar que duerma bien.<br><\/li><li>Mant\u00e9n la temperatura de la habitaci\u00f3n entre 18\u00ba y 20\u00ba para un ambiente confortable y seguro.<br><\/li><li>Si el beb\u00e9 se despierta por la noche, crea un ambiente tranquilo con poca luz y limita el contacto a lo esencial, como alimentarle, para que vuelva a dormirse f\u00e1cilmente.<br><\/li><li>La posici\u00f3n ideal para dormir es boca arriba, ya que reduce el riesgo de atragantamiento. Evita colocar al beb\u00e9 boca abajo salvo que sea bajo supervisi\u00f3n.<br><\/li><li>Establece una rutina de sue\u00f1o desde los 6 meses, ya que los h\u00e1bitos que adopte en esta etapa influir\u00e1n en su descanso a largo plazo.<\/li><\/ul>\n\n\n\n<p>En <a href=\"https:\/\/www.danubiobebe.com\/es\/252-a-dormir\"><strong>Danubio Beb\u00e9<\/strong><\/a> estamos comprometidos con el bienestar y descanso de tu beb\u00e9, ofreci\u00e9ndote las mejores cunas, minicunas y productos de calidad para acompa\u00f1aros en cada etapa. Te invitamos a visitar nuestras tiendas f\u00edsicas en <a href=\"https:\/\/www.google.com\/maps\/place\/Danubio+Bebe\/@36.433824,-6.14332,16z\/data=!4m6!3m5!1s0xd0c35ae564c19b9:0xa4c182b67fbd1d54!8m2!3d36.433824!4d-6.14332!16s%2Fg%2F1tf3q4gy?hl=es-ES\"><strong>Chiclana de la Frontera<\/strong><\/a> y <a href=\"https:\/\/www.google.com\/maps\/place\/Danubio+Bebe\/@36.1794338,-5.4453393,1564m\/data=!3m2!1e3!4b1!4m6!3m5!1s0xd0ceb06346857b5:0x6fbca480071baa54!8m2!3d36.1794338!4d-5.4453393!16s%2Fg%2F1z44bclny?entry=ttu&amp;g_ep=EgoyMDI1MDUyOC4wIKXMDSoASAFQAw%3D%3D\"><strong>Los Barrios<\/strong><\/a>, donde nuestro equipo especializado te asesorar\u00e1 personalmente para encontrar la opci\u00f3n perfecta que se adapte a tus necesidades.&nbsp;<\/p>\n\n\n\n<p>\u00a1Ven y descubre todo lo que Danubio Beb\u00e9 tiene para ofrecerte y dale a tu peque\u00f1o el descanso que merece!<\/p>\n\n\n\n<div style=\"height:20px\" aria-hidden=\"true\" class=\"wp-block-spacer\"><\/div>\n","protected":false},"excerpt":{"rendered":"<p>El descanso es fundamental para el desarrollo de los m\u00e1s peque\u00f1os. Un sue\u00f1o de calidad no solo mejora su memoria y estado de \u00e1nimo, sino que tambi\u00e9n favorece su crecimiento, fortalece su sistema inmunol\u00f3gico y reduce el riesgo de problemas de comportamiento o irritabilidad. Durante el sue\u00f1o, el cuerpo y el cerebro del beb\u00e9 trabajan [&hellip;]<\/p>\n","protected":false},"author":4,"featured_media":1064,"comment_status":"open","ping_status":"open","sticky":false,"template":"","format":"standard","meta":{"footnotes":""},"categories":[1],"tags":[],"class_list":["post-1050","post","type-post","status-publish","format-standard","has-post-thumbnail","hentry","category-sin-categoria"],"yoast_head":"<!-- This site is optimized with the Yoast SEO plugin v26.6 - https:\/\/yoast.com\/wordpress\/plugins\/seo\/ -->\n<title>Las Mejores Cunas y Minicunas para tu Beb\u00e9 | Danubio Beb\u00e9<\/title>\n<meta name=\"description\" content=\"Descubre las mejores cunas y minicunas para tu beb\u00e9. Calidad, seguridad y confort para que tu peque\u00f1o duerma tranquilo desde sus primeros d\u00edas.\" \/>\n<meta name=\"robots\" content=\"index, follow, max-snippet:-1, max-image-preview:large, max-video-preview:-1\" \/>\n<link rel=\"canonical\" href=\"https:\/\/www.danubiobebe.com\/blog\/las-mejores-cunas-y-minicunas\/\" \/>\n<meta property=\"og:locale\" content=\"es_ES\" \/>\n<meta property=\"og:type\" content=\"article\" \/>\n<meta property=\"og:title\" content=\"Las Mejores Cunas y Minicunas para tu Beb\u00e9 | Danubio Beb\u00e9\" \/>\n<meta property=\"og:description\" content=\"Descubre las mejores cunas y minicunas para tu beb\u00e9. Calidad, seguridad y confort para que tu peque\u00f1o duerma tranquilo desde sus primeros d\u00edas.\" \/>\n<meta property=\"og:url\" content=\"https:\/\/www.danubiobebe.com\/blog\/las-mejores-cunas-y-minicunas\/\" \/>\n<meta property=\"og:site_name\" content=\"Danubio blog\" \/>\n<meta property=\"article:publisher\" content=\"https:\/\/www.facebook.com\/danubio.bebe\/\" \/>\n<meta property=\"article:published_time\" content=\"2025-03-03T11:17:00+00:00\" \/>\n<meta property=\"article:modified_time\" content=\"2025-08-13T11:17:41+00:00\" \/>\n<meta property=\"og:image\" content=\"https:\/\/www.danubiobebe.com\/blog\/wp-content\/uploads\/2022\/09\/portadanoticiaseptiembre.png\" \/>\n\t<meta property=\"og:image:width\" content=\"800\" \/>\n\t<meta property=\"og:image:height\" content=\"534\" \/>\n\t<meta property=\"og:image:type\" content=\"image\/png\" \/>\n<meta name=\"author\" content=\"Danubio Beb\u00e9\" \/>\n<meta name=\"twitter:card\" content=\"summary_large_image\" \/>\n<meta name=\"twitter:creator\" content=\"@danubiobebe\" \/>\n<meta name=\"twitter:site\" content=\"@danubiobebe\" \/>\n<meta name=\"twitter:label1\" content=\"Escrito por\" \/>\n\t<meta name=\"twitter:data1\" content=\"Danubio Beb\u00e9\" \/>\n\t<meta name=\"twitter:label2\" content=\"Tiempo de lectura\" \/>\n\t<meta name=\"twitter:data2\" content=\"3 minutos\" \/>\n<script type=\"application\/ld+json\" class=\"yoast-schema-graph\">{\"@context\":\"https:\/\/schema.org\",\"@graph\":[{\"@type\":\"WebPage\",\"@id\":\"https:\/\/www.danubiobebe.com\/blog\/las-mejores-cunas-y-minicunas\/\",\"url\":\"https:\/\/www.danubiobebe.com\/blog\/las-mejores-cunas-y-minicunas\/\",\"name\":\"Las Mejores Cunas y Minicunas para tu Beb\u00e9 | Danubio Beb\u00e9\",\"isPartOf\":{\"@id\":\"https:\/\/www.danubiobebe.com\/blog\/#website\"},\"primaryImageOfPage\":{\"@id\":\"https:\/\/www.danubiobebe.com\/blog\/las-mejores-cunas-y-minicunas\/#primaryimage\"},\"image\":{\"@id\":\"https:\/\/www.danubiobebe.com\/blog\/las-mejores-cunas-y-minicunas\/#primaryimage\"},\"thumbnailUrl\":\"https:\/\/www.danubiobebe.com\/blog\/wp-content\/uploads\/2022\/09\/portadanoticiaseptiembre.png\",\"datePublished\":\"2025-03-03T11:17:00+00:00\",\"dateModified\":\"2025-08-13T11:17:41+00:00\",\"author\":{\"@id\":\"https:\/\/www.danubiobebe.com\/blog\/#\/schema\/person\/2783880c335e1e9639139bafa815ba50\"},\"description\":\"Descubre las mejores cunas y minicunas para tu beb\u00e9. Calidad, seguridad y confort para que tu peque\u00f1o duerma tranquilo desde sus primeros d\u00edas.\",\"breadcrumb\":{\"@id\":\"https:\/\/www.danubiobebe.com\/blog\/las-mejores-cunas-y-minicunas\/#breadcrumb\"},\"inLanguage\":\"es\",\"potentialAction\":[{\"@type\":\"ReadAction\",\"target\":[\"https:\/\/www.danubiobebe.com\/blog\/las-mejores-cunas-y-minicunas\/\"]}]},{\"@type\":\"ImageObject\",\"inLanguage\":\"es\",\"@id\":\"https:\/\/www.danubiobebe.com\/blog\/las-mejores-cunas-y-minicunas\/#primaryimage\",\"url\":\"https:\/\/www.danubiobebe.com\/blog\/wp-content\/uploads\/2022\/09\/portadanoticiaseptiembre.png\",\"contentUrl\":\"https:\/\/www.danubiobebe.com\/blog\/wp-content\/uploads\/2022\/09\/portadanoticiaseptiembre.png\",\"width\":800,\"height\":534,\"caption\":\"Portada. Las mejores cunas y minicunas.\"},{\"@type\":\"BreadcrumbList\",\"@id\":\"https:\/\/www.danubiobebe.com\/blog\/las-mejores-cunas-y-minicunas\/#breadcrumb\",\"itemListElement\":[{\"@type\":\"ListItem\",\"position\":1,\"name\":\"Portada\",\"item\":\"https:\/\/www.danubiobebe.com\/blog\/\"},{\"@type\":\"ListItem\",\"position\":2,\"name\":\"Las mejores cunas y minicunas\"}]},{\"@type\":\"WebSite\",\"@id\":\"https:\/\/www.danubiobebe.com\/blog\/#website\",\"url\":\"https:\/\/www.danubiobebe.com\/blog\/\",\"name\":\"Danubio blog\",\"description\":\"Toda la actualidad en el mundo del beb\u00e9\",\"potentialAction\":[{\"@type\":\"SearchAction\",\"target\":{\"@type\":\"EntryPoint\",\"urlTemplate\":\"https:\/\/www.danubiobebe.com\/blog\/?s={search_term_string}\"},\"query-input\":{\"@type\":\"PropertyValueSpecification\",\"valueRequired\":true,\"valueName\":\"search_term_string\"}}],\"inLanguage\":\"es\"},{\"@type\":\"Person\",\"@id\":\"https:\/\/www.danubiobebe.com\/blog\/#\/schema\/person\/2783880c335e1e9639139bafa815ba50\",\"name\":\"Danubio Beb\u00e9\",\"url\":\"https:\/\/www.danubiobebe.com\/blog\/author\/chari\/\"}]}<\/script>\n<!-- \/ Yoast SEO plugin. -->","yoast_head_json":{"title":"Las Mejores Cunas y Minicunas para tu Beb\u00e9 | Danubio Beb\u00e9","description":"Descubre las mejores cunas y minicunas para tu beb\u00e9. Calidad, seguridad y confort para que tu peque\u00f1o duerma tranquilo desde sus primeros d\u00edas.","robots":{"index":"index","follow":"follow","max-snippet":"max-snippet:-1","max-image-preview":"max-image-preview:large","max-video-preview":"max-video-preview:-1"},"canonical":"https:\/\/www.danubiobebe.com\/blog\/las-mejores-cunas-y-minicunas\/","og_locale":"es_ES","og_type":"article","og_title":"Las Mejores Cunas y Minicunas para tu Beb\u00e9 | Danubio Beb\u00e9","og_description":"Descubre las mejores cunas y minicunas para tu beb\u00e9. Calidad, seguridad y confort para que tu peque\u00f1o duerma tranquilo desde sus primeros d\u00edas.","og_url":"https:\/\/www.danubiobebe.com\/blog\/las-mejores-cunas-y-minicunas\/","og_site_name":"Danubio blog","article_publisher":"https:\/\/www.facebook.com\/danubio.bebe\/","article_published_time":"2025-03-03T11:17:00+00:00","article_modified_time":"2025-08-13T11:17:41+00:00","og_image":[{"width":800,"height":534,"url":"https:\/\/www.danubiobebe.com\/blog\/wp-content\/uploads\/2022\/09\/portadanoticiaseptiembre.png","type":"image\/png"}],"author":"Danubio Beb\u00e9","twitter_card":"summary_large_image","twitter_creator":"@danubiobebe","twitter_site":"@danubiobebe","twitter_misc":{"Escrito por":"Danubio Beb\u00e9","Tiempo de lectura":"3 minutos"},"schema":{"@context":"https:\/\/schema.org","@graph":[{"@type":"WebPage","@id":"https:\/\/www.danubiobebe.com\/blog\/las-mejores-cunas-y-minicunas\/","url":"https:\/\/www.danubiobebe.com\/blog\/las-mejores-cunas-y-minicunas\/","name":"Las Mejores Cunas y Minicunas para tu Beb\u00e9 | Danubio Beb\u00e9","isPartOf":{"@id":"https:\/\/www.danubiobebe.com\/blog\/#website"},"primaryImageOfPage":{"@id":"https:\/\/www.danubiobebe.com\/blog\/las-mejores-cunas-y-minicunas\/#primaryimage"},"image":{"@id":"https:\/\/www.danubiobebe.com\/blog\/las-mejores-cunas-y-minicunas\/#primaryimage"},"thumbnailUrl":"https:\/\/www.danubiobebe.com\/blog\/wp-content\/uploads\/2022\/09\/portadanoticiaseptiembre.png","datePublished":"2025-03-03T11:17:00+00:00","dateModified":"2025-08-13T11:17:41+00:00","author":{"@id":"https:\/\/www.danubiobebe.com\/blog\/#\/schema\/person\/2783880c335e1e9639139bafa815ba50"},"description":"Descubre las mejores cunas y minicunas para tu beb\u00e9. Calidad, seguridad y confort para que tu peque\u00f1o duerma tranquilo desde sus primeros d\u00edas.","breadcrumb":{"@id":"https:\/\/www.danubiobebe.com\/blog\/las-mejores-cunas-y-minicunas\/#breadcrumb"},"inLanguage":"es","potentialAction":[{"@type":"ReadAction","target":["https:\/\/www.danubiobebe.com\/blog\/las-mejores-cunas-y-minicunas\/"]}]},{"@type":"ImageObject","inLanguage":"es","@id":"https:\/\/www.danubiobebe.com\/blog\/las-mejores-cunas-y-minicunas\/#primaryimage","url":"https:\/\/www.danubiobebe.com\/blog\/wp-content\/uploads\/2022\/09\/portadanoticiaseptiembre.png","contentUrl":"https:\/\/www.danubiobebe.com\/blog\/wp-content\/uploads\/2022\/09\/portadanoticiaseptiembre.png","width":800,"height":534,"caption":"Portada. Las mejores cunas y minicunas."},{"@type":"BreadcrumbList","@id":"https:\/\/www.danubiobebe.com\/blog\/las-mejores-cunas-y-minicunas\/#breadcrumb","itemListElement":[{"@type":"ListItem","position":1,"name":"Portada","item":"https:\/\/www.danubiobebe.com\/blog\/"},{"@type":"ListItem","position":2,"name":"Las mejores cunas y minicunas"}]},{"@type":"WebSite","@id":"https:\/\/www.danubiobebe.com\/blog\/#website","url":"https:\/\/www.danubiobebe.com\/blog\/","name":"Danubio blog","description":"Toda la actualidad en el mundo del beb\u00e9","potentialAction":[{"@type":"SearchAction","target":{"@type":"EntryPoint","urlTemplate":"https:\/\/www.danubiobebe.com\/blog\/?s={search_term_string}"},"query-input":{"@type":"PropertyValueSpecification","valueRequired":true,"valueName":"search_term_string"}}],"inLanguage":"es"},{"@type":"Person","@id":"https:\/\/www.danubiobebe.com\/blog\/#\/schema\/person\/2783880c335e1e9639139bafa815ba50","name":"Danubio Beb\u00e9","url":"https:\/\/www.danubiobebe.com\/blog\/author\/chari\/"}]}},"_links":{"self":[{"href":"https:\/\/www.danubiobebe.com\/blog\/wp-json\/wp\/v2\/posts\/1050","targetHints":{"allow":["GET"]}}],"collection":[{"href":"https:\/\/www.danubiobebe.com\/blog\/wp-json\/wp\/v2\/posts"}],"about":[{"href":"https:\/\/www.danubiobebe.com\/blog\/wp-json\/wp\/v2\/types\/post"}],"author":[{"embeddable":true,"href":"https:\/\/www.danubiobebe.com\/blog\/wp-json\/wp\/v2\/users\/4"}],"replies":[{"embeddable":true,"href":"https:\/\/www.danubiobebe.com\/blog\/wp-json\/wp\/v2\/comments?post=1050"}],"version-history":[{"count":2,"href":"https:\/\/www.danubiobebe.com\/blog\/wp-json\/wp\/v2\/posts\/1050\/revisions"}],"predecessor-version":[{"id":2118,"href":"https:\/\/www.danubiobebe.com\/blog\/wp-json\/wp\/v2\/posts\/1050\/revisions\/2118"}],"wp:featuredmedia":[{"embeddable":true,"href":"https:\/\/www.danubiobebe.com\/blog\/wp-json\/wp\/v2\/media\/1064"}],"wp:attachment":[{"href":"https:\/\/www.danubiobebe.com\/blog\/wp-json\/wp\/v2\/media?parent=1050"}],"wp:term":[{"taxonomy":"category","embeddable":true,"href":"https:\/\/www.danubiobebe.com\/blog\/wp-json\/wp\/v2\/categories?post=1050"},{"taxonomy":"post_tag","embeddable":true,"href":"https:\/\/www.danubiobebe.com\/blog\/wp-json\/wp\/v2\/tags?post=1050"}],"curies":[{"name":"wp","href":"https:\/\/api.w.org\/{rel}","templated":true}]}}